{"id":12396,"date":"2023-02-03T17:15:25","date_gmt":"2023-02-03T22:15:25","guid":{"rendered":"https:\/\/podernacional.com\/?p=12396"},"modified":"2023-02-03T22:15:27","modified_gmt":"2023-02-03T22:15:27","slug":"dia-internacional-del-abogado-por-que-se-celebra-el-viernes-3-de-enero-y-cual-es-su-origen","status":"publish","type":"post","link":"https:\/\/podernacional.com\/?p=12396","title":{"rendered":"D\u00eda Internacional del Abogado: \u00bfpor qu\u00e9 se celebra el viernes 3 de enero y cu\u00e1l es su origen?"},"content":{"rendered":"<h4>En esta nota te contaremos por qu\u00e9 se celebra cada 3 de enero de cada a\u00f1o.<\/h4>\n<p>D\u00eda Internacional del Abogado: Adem\u00e1s de que cu\u00e1l es el origen de esta peculiar fecha que conmemora al especialista en leyes internacionalmente.<\/p>\n<p>En febrero no solo se celebra el D\u00eda de San Valent\u00edn, sino tambi\u00e9n existen otras efem\u00e9rides que rinden homenaje.<\/p>\n<p>Al igual de que\u00a0a la noble causa profesional de quienes defienden las causas justas en los tribunales: El D\u00eda Internacional del Abogado.<\/p>\n<p>Es por ello que en esta nota te contaremos por qu\u00e9 se celebra cada 3 de enero de cada a\u00f1o.<\/p>\n<p>As\u00ed como\u00a0cu\u00e1l es el origen de esta peculiar fecha que conmemora al especialista en leyes internacionalmente.<\/p>\n<h4>TODO LO QUE SE DEBE SABER SOBRE EL D\u00cdA INTERNACIONAL DEL ABOGADO<\/h4>\n<p>Los abogados son profesionales que, a lo largo de la historia, han podido brindar ayuda a quienes necesitan asesor\u00eda judicial.<\/p>\n<p>Adem\u00e1s de que los\u00a0diversos temas burocr\u00e1ticos. Es por ello que existe una fecha en donde se le rinde homenaje a esta noble labor:<\/p>\n<p>El D\u00eda Internacional del Abogado, que se celebra todos los 3 de enero de cada a\u00f1o.<\/p>\n<p>Esta peculiar efem\u00e9ride tiene el objetivo de reconocer la labor de los hombres y mujeres de leyes que trabajan para conseguir un mundo m\u00e1s justo.<\/p>\n<p>De esta manera se pretende destacar la notable importancia de los abogados, en la defensa jur\u00eddica a personas, tramitaci\u00f3n de procesos judiciales.<\/p>\n<p>Al igual que de\u00a0administrativos y mediaci\u00f3n de negociaciones y conflictos laborales, entre otras competencias.<\/p>\n<p>El origen del D\u00eda Internacional del Abogado nace a partir de una iniciativa internacional de conmemorar esta profesi\u00f3n,\u00a03 de enero de todos los a\u00f1os.<\/p>\n<p>Si bien no existe una raz\u00f3n espec\u00edfica que se\u00f1ale cu\u00e1l es la principal raz\u00f3n por la que se celebra o cu\u00e1l es su origen, se puede decir.<\/p>\n<p>Adem\u00e1s de que\u00a0esto se ve a trav\u00e9s de las plataformas digitales relacionadas al tema, que la fecha nace por consenso mundial.<\/p>\n<h4>QU\u00c9 ES UNA EFEM\u00c9RIDES<\/h4>\n<p>Es com\u00fan que en los medios de comunicaci\u00f3n y los creadores de contenidos usen las efem\u00e9rides para poder conmemorar o recordar alg\u00fan evento en particular.<\/p>\n<p>Seg\u00fan la Real Academia de la Lengua Espa\u00f1ola, una efem\u00e9ride tiene cuatro significados, de los cuales tres se encuentran en relaci\u00f3n a un mismo sentido.<\/p>\n<p>Mientras que solo uno no tiene nada que ver con el resto.<\/p>\n","protected":false},"excerpt":{"rendered":"<p>En esta nota te contaremos por qu\u00e9 se celebra cada 3 de enero de cada a\u00f1o. D\u00eda Internacional del Abogado: Adem\u00e1s de que cu\u00e1l es el origen de esta peculiar fecha que conmemora al especialista en leyes internacionalmente. En febrero no solo se celebra el D\u00eda de San Valent\u00edn, sino tambi\u00e9n existen otras efem\u00e9rides que [&hellip;]<\/p>\n","protected":false},"author":1,"featured_media":12398,"comment_status":"open","ping_status":"closed","sticky":false,"template":"","format":"standard","meta":{"footnotes":""},"categories":[5],"tags":[],"class_list":["post-12396","post","type-post","status-publish","format-standard","has-post-thumbnail","hentry","category-internacional"],"_links":{"self":[{"href":"https:\/\/podernacional.com\/index.php?rest_route=\/wp\/v2\/posts\/12396","targetHints":{"allow":["GET"]}}],"collection":[{"href":"https:\/\/podernacional.com\/index.php?rest_route=\/wp\/v2\/posts"}],"about":[{"href":"https:\/\/podernacional.com\/index.php?rest_route=\/wp\/v2\/types\/post"}],"author":[{"embeddable":true,"href":"https:\/\/podernacional.com\/index.php?rest_route=\/wp\/v2\/users\/1"}],"replies":[{"embeddable":true,"href":"https:\/\/podernacional.com\/index.php?rest_route=%2Fwp%2Fv2%2Fcomments&post=12396"}],"version-history":[{"count":1,"href":"https:\/\/podernacional.com\/index.php?rest_route=\/wp\/v2\/posts\/12396\/revisions"}],"predecessor-version":[{"id":12397,"href":"https:\/\/podernacional.com\/index.php?rest_route=\/wp\/v2\/posts\/12396\/revisions\/12397"}],"wp:featuredmedia":[{"embeddable":true,"href":"https:\/\/podernacional.com\/index.php?rest_route=\/wp\/v2\/media\/12398"}],"wp:attachment":[{"href":"https:\/\/podernacional.com\/index.php?rest_route=%2Fwp%2Fv2%2Fmedia&parent=12396"}],"wp:term":[{"taxonomy":"category","embeddable":true,"href":"https:\/\/podernacional.com\/index.php?rest_route=%2Fwp%2Fv2%2Fcategories&post=12396"},{"taxonomy":"post_tag","embeddable":true,"href":"https:\/\/podernacional.com\/index.php?rest_route=%2Fwp%2Fv2%2Ftags&post=12396"}],"curies":[{"name":"wp","href":"https:\/\/api.w.org\/{rel}","templated":true}]}}