{"id":12402,"date":"2023-02-03T17:26:27","date_gmt":"2023-02-03T22:26:27","guid":{"rendered":"https:\/\/podernacional.com\/?p=12402"},"modified":"2023-02-03T22:26:28","modified_gmt":"2023-02-03T22:26:28","slug":"sedetur-quintana-roo-preve-crecimiento-turistico-de-4-5-en-el-2023","status":"publish","type":"post","link":"https:\/\/podernacional.com\/?p=12402","title":{"rendered":"Sedetur Quintana Roo prev\u00e9 crecimiento tur\u00edstico de 4.5% en el 2023"},"content":{"rendered":"<h4>La proyecci\u00f3n de la Secretar\u00eda de Salud de Quintana Roo significar\u00eda que la entidad podr\u00eda captar 20.5 millones de turistas.<\/h4>\n<p>Sedetur Quintana Roo: As\u00ed como de pernocta al cierre de a\u00f1o, as\u00ed como que habr\u00e1 un crecimiento m\u00e1s moderado respecto del 2022.<\/p>\n<p>Adem\u00e1s que la Secretar\u00eda de Turismo del estado (Sedetur) anticipa que en el 2023 la entidad mantendr\u00e1 una tendencia de crecimiento.<\/p>\n<p>Esto\u00a0de 4.5% respecto del 2022, lo cual significa que podr\u00eda captar 20.5 millones de turistas de pernocta al cierre de a\u00f1o.<\/p>\n<p>Esto significa que habr\u00e1 un crecimiento m\u00e1s moderado respecto del 2022.<\/p>\n<p>As\u00ed como cuando Quintana Roo creci\u00f3 17% respecto del 2019, previo a la pandemia.<\/p>\n<p>As\u00ed lo expuso durante la conferencia de prensa denominada Perspectivas Tur\u00edsticas 2023, el titular de Sedetur, Bernardo Cueto Riestra.<\/p>\n<p>Adem\u00e1s de\u00a0quien anticip\u00f3 adem\u00e1s que se sumar\u00e1n otras 7,000 nuevas habitaciones hoteleras en el estado.<\/p>\n<h4>As\u00ed como por lo que al cierre de a\u00f1o la entidad tendr\u00e1 una oferta de 135,000 cuartos.<\/h4>\n<p>Se prev\u00e9 adem\u00e1s que este a\u00f1o llegue por completo la recuperaci\u00f3n plena de la industria de cruceros.<\/p>\n<p>Adem\u00e1s que\u00a0por lo que se espera que entre Mahahual &#8211; Cozumel capten durante todo el a\u00f1o m\u00e1s de 6.3 millones de turistas de este segmento.<\/p>\n<p>\u201cQueremos que ese \u00e9xito tur\u00edstico, como bien lo comenta la gobernadora, se traduzca en prosperidad\u201d.<\/p>\n<p>\u201cAl igual de que\u00a0se traduzca tambi\u00e9n en mejores condiciones para nuestros destinos porque si vamos a seguir recibiendo miles y miles de turistas\u201d.<\/p>\n<p>\u201cAs\u00ed como\u00a0tenemos que seguir trabajando para darles una correcta atenci\u00f3n\u201d, dijo el funcionario.<\/p>\n<p>Cueto Riestra destac\u00f3 adem\u00e1s que actualmente el Aeropuerto Internacional de Canc\u00fan mantiene una conexi\u00f3n a\u00e9rea con 41 ciudades.<\/p>\n<h4>Esto en\u00a0Estados Unidos, 28 de M\u00e9xico, 23 de Sudam\u00e9rica, 20 de Europa y 18 de Canad\u00e1.<\/h4>\n<p>Al igual de\u00a0que suman un total de 130 conexiones a\u00e9reas, una cifra hist\u00f3rica.<\/p>\n<p>En ese sentido, record\u00f3 que en el 2022 Canc\u00fan, por s\u00ed solo, fue el destino que m\u00e1s pasajeros capt\u00f3.<\/p>\n<p>Adem\u00e1s que\u00a0al alcanzar 6 millones 786,004 personas, seguido de la Riviera Maya (integrada por Playa del Carmen y Tulum).<\/p>\n<p>Adem\u00e1s que\u00a0con 7 millones 932,988 pasajeros y, en tercer sitio, Isla Mujeres con 1 mill\u00f3n 338,128 viajeros de enero a diciembre del a\u00f1o pasado.<\/p>\n<p>Sedetur Quintana Roo prev\u00e9 crecimiento tur\u00edstico de 4.5% en el 2023<\/p>\n","protected":false},"excerpt":{"rendered":"<p>La proyecci\u00f3n de la Secretar\u00eda de Salud de Quintana Roo significar\u00eda que la entidad podr\u00eda captar 20.5 millones de turistas. Sedetur Quintana Roo: As\u00ed como de pernocta al cierre de a\u00f1o, as\u00ed como que habr\u00e1 un crecimiento m\u00e1s moderado respecto del 2022. Adem\u00e1s que la Secretar\u00eda de Turismo del estado (Sedetur) anticipa que en el [&hellip;]<\/p>\n","protected":false},"author":1,"featured_media":12404,"comment_status":"open","ping_status":"closed","sticky":false,"template":"","format":"standard","meta":{"footnotes":""},"categories":[9],"tags":[],"class_list":["post-12402","post","type-post","status-publish","format-standard","has-post-thumbnail","hentry","category-politica"],"_links":{"self":[{"href":"https:\/\/podernacional.com\/index.php?rest_route=\/wp\/v2\/posts\/12402","targetHints":{"allow":["GET"]}}],"collection":[{"href":"https:\/\/podernacional.com\/index.php?rest_route=\/wp\/v2\/posts"}],"about":[{"href":"https:\/\/podernacional.com\/index.php?rest_route=\/wp\/v2\/types\/post"}],"author":[{"embeddable":true,"href":"https:\/\/podernacional.com\/index.php?rest_route=\/wp\/v2\/users\/1"}],"replies":[{"embeddable":true,"href":"https:\/\/podernacional.com\/index.php?rest_route=%2Fwp%2Fv2%2Fcomments&post=12402"}],"version-history":[{"count":1,"href":"https:\/\/podernacional.com\/index.php?rest_route=\/wp\/v2\/posts\/12402\/revisions"}],"predecessor-version":[{"id":12403,"href":"https:\/\/podernacional.com\/index.php?rest_route=\/wp\/v2\/posts\/12402\/revisions\/12403"}],"wp:featuredmedia":[{"embeddable":true,"href":"https:\/\/podernacional.com\/index.php?rest_route=\/wp\/v2\/media\/12404"}],"wp:attachment":[{"href":"https:\/\/podernacional.com\/index.php?rest_route=%2Fwp%2Fv2%2Fmedia&parent=12402"}],"wp:term":[{"taxonomy":"category","embeddable":true,"href":"https:\/\/podernacional.com\/index.php?rest_route=%2Fwp%2Fv2%2Fcategories&post=12402"},{"taxonomy":"post_tag","embeddable":true,"href":"https:\/\/podernacional.com\/index.php?rest_route=%2Fwp%2Fv2%2Ftags&post=12402"}],"curies":[{"name":"wp","href":"https:\/\/api.w.org\/{rel}","templated":true}]}}