{"id":12443,"date":"2023-02-06T13:21:24","date_gmt":"2023-02-06T18:21:24","guid":{"rendered":"https:\/\/podernacional.com\/?p=12443"},"modified":"2023-02-06T18:21:48","modified_gmt":"2023-02-06T18:21:48","slug":"suman-mas-de-mil-500-muertos-tras-sismo-en-turquia-y-siria","status":"publish","type":"post","link":"https:\/\/podernacional.com\/?p=12443","title":{"rendered":"Suman m\u00e1s de mil 500 muertos tras sismo en Turqu\u00eda y Siria"},"content":{"rendered":"<p>Al menos 1.504 personas han muerto en Turqu\u00eda y Siria, y miles m\u00e1s han resultado heridas, despu\u00e9s de que un poderoso terremoto de magnitud 7,8 sacudiera el sur de Turqu\u00eda la madrugada de este lunes.<\/p>\n<p>En Siria, un total de al menos 592 personas han muerto, incluidas 371 principalmente en las regiones de Alepo, Hama, Latakia y Tartus, seg\u00fan la agencia de noticias estatal siria SANA, que tambi\u00e9n inform\u00f3 de 1.089 heridos.<\/p>\n<div style=\"width: 544px;\" class=\"wp-video\"><video class=\"wp-video-shortcode\" id=\"video-12443-1\" width=\"544\" height=\"848\" preload=\"metadata\" controls=\"controls\"><source type=\"video\/mp4\" src=\"https:\/\/paginascdmx.site\/wp-content\/uploads\/2023\/02\/WhatsApp-Video-2023-02-06-at-10.59.24.mp4?_=1\" \/><a href=\"https:\/\/paginascdmx.site\/wp-content\/uploads\/2023\/02\/WhatsApp-Video-2023-02-06-at-10.59.24.mp4\">https:\/\/paginascdmx.site\/wp-content\/uploads\/2023\/02\/WhatsApp-Video-2023-02-06-at-10.59.24.mp4<\/a><\/video><\/div>\n<p>Mientras tanto, el grupo \u00abCascos Blancos\u00bb, conocido oficialmente como Defensa Civil de Siria, tambi\u00e9n inform\u00f3 de al menos 221 muertos y 419 heridos en \u00e1reas controladas por la oposici\u00f3n en el noroeste de Siria.<\/p>\n<p>\u201cCientos siguen atrapados bajo los escombros\u201d, agregaron los Cascos Blancos en Twitter.<\/p>\n<p>En Turqu\u00eda, al menos 912 personas murieron y 5.385 resultaron heridas, dijo el lunes el presidente de Turqu\u00eda, Recep Tayyip Erdo\u011fan, en un discurso televisado.<\/p>\n<p>Los rescatistas est\u00e1n trabajando entre los escombros de los edificios derrumbados para localizar a los sobrevivientes, mientras que la OTAN, la UE y 45 pa\u00edses han ofrecido asistencia tras el desastre.<\/p>\n","protected":false},"excerpt":{"rendered":"<p>Al menos 1.504 personas han muerto en Turqu\u00eda y Siria, y miles m\u00e1s han resultado heridas, despu\u00e9s de que un poderoso terremoto de magnitud 7,8 sacudiera el sur de Turqu\u00eda la madrugada de este lunes. En Siria, un total de al menos 592 personas han muerto, incluidas 371 principalmente en las regiones de Alepo, Hama, [&hellip;]<\/p>\n","protected":false},"author":1,"featured_media":12445,"comment_status":"open","ping_status":"closed","sticky":false,"template":"","format":"standard","meta":{"footnotes":""},"categories":[5],"tags":[],"class_list":["post-12443","post","type-post","status-publish","format-standard","has-post-thumbnail","hentry","category-internacional"],"_links":{"self":[{"href":"https:\/\/podernacional.com\/index.php?rest_route=\/wp\/v2\/posts\/12443","targetHints":{"allow":["GET"]}}],"collection":[{"href":"https:\/\/podernacional.com\/index.php?rest_route=\/wp\/v2\/posts"}],"about":[{"href":"https:\/\/podernacional.com\/index.php?rest_route=\/wp\/v2\/types\/post"}],"author":[{"embeddable":true,"href":"https:\/\/podernacional.com\/index.php?rest_route=\/wp\/v2\/users\/1"}],"replies":[{"embeddable":true,"href":"https:\/\/podernacional.com\/index.php?rest_route=%2Fwp%2Fv2%2Fcomments&post=12443"}],"version-history":[{"count":1,"href":"https:\/\/podernacional.com\/index.php?rest_route=\/wp\/v2\/posts\/12443\/revisions"}],"predecessor-version":[{"id":12444,"href":"https:\/\/podernacional.com\/index.php?rest_route=\/wp\/v2\/posts\/12443\/revisions\/12444"}],"wp:featuredmedia":[{"embeddable":true,"href":"https:\/\/podernacional.com\/index.php?rest_route=\/wp\/v2\/media\/12445"}],"wp:attachment":[{"href":"https:\/\/podernacional.com\/index.php?rest_route=%2Fwp%2Fv2%2Fmedia&parent=12443"}],"wp:term":[{"taxonomy":"category","embeddable":true,"href":"https:\/\/podernacional.com\/index.php?rest_route=%2Fwp%2Fv2%2Fcategories&post=12443"},{"taxonomy":"post_tag","embeddable":true,"href":"https:\/\/podernacional.com\/index.php?rest_route=%2Fwp%2Fv2%2Ftags&post=12443"}],"curies":[{"name":"wp","href":"https:\/\/api.w.org\/{rel}","templated":true}]}}