{"id":12462,"date":"2023-02-06T14:20:55","date_gmt":"2023-02-06T19:20:55","guid":{"rendered":"https:\/\/podernacional.com\/?p=12462"},"modified":"2023-02-06T19:21:11","modified_gmt":"2023-02-06T19:21:11","slug":"hoy-es-el-dia-de-bob-marley","status":"publish","type":"post","link":"https:\/\/podernacional.com\/?p=12462","title":{"rendered":"Hoy es el d\u00eda de Bob Marley"},"content":{"rendered":"<p>El legado que el pionero del reggae dej\u00f3 a nivel mundial es actualmente sigue siendo reconocido, a tal nivel que el 6 de febrero fue establecido como el D\u00eda de Bob Marley para festejar el cumplea\u00f1os del cantante.<\/p>\n<p>Un d\u00eda como hoy Robert Nesta Marley Booker, nombre verdadero del jamaiquino, estar\u00eda cumpliendo 78 a\u00f1os y la fecha de su natalicio es aprovechada para recordar la huella que dej\u00f3 en el mundo de la m\u00fasica y el activismo; Marley gan\u00f3 seguidores por todo el mundo, pues su m\u00fasica tuvo un alcance global.<\/p>\n<p>Es reconocido precisamente por hacer que el reggae cruce las fronteras de Jamaica y por plasmar en sus canciones letras llenas de conciencia social, pol\u00edtica y racial.<\/p>\n<p>Aunque hubo muchos m\u00fasicos que le precedieron, la figura de Bob Marley es identificada como la representante del reggae y del movimiento rastafari.<\/p>\n<p>El jamaiquino us\u00f3 la m\u00fasica para difundir la paz y el amor.<\/p>\n","protected":false},"excerpt":{"rendered":"<p>El legado que el pionero del reggae dej\u00f3 a nivel mundial es actualmente sigue siendo reconocido, a tal nivel que el 6 de febrero fue establecido como el D\u00eda de Bob Marley para festejar el cumplea\u00f1os del cantante. Un d\u00eda como hoy Robert Nesta Marley Booker, nombre verdadero del jamaiquino, estar\u00eda cumpliendo 78 a\u00f1os y [&hellip;]<\/p>\n","protected":false},"author":1,"featured_media":12464,"comment_status":"open","ping_status":"closed","sticky":false,"template":"","format":"standard","meta":{"footnotes":""},"categories":[4],"tags":[],"class_list":["post-12462","post","type-post","status-publish","format-standard","has-post-thumbnail","hentry","category-espectaculos"],"_links":{"self":[{"href":"https:\/\/podernacional.com\/index.php?rest_route=\/wp\/v2\/posts\/12462","targetHints":{"allow":["GET"]}}],"collection":[{"href":"https:\/\/podernacional.com\/index.php?rest_route=\/wp\/v2\/posts"}],"about":[{"href":"https:\/\/podernacional.com\/index.php?rest_route=\/wp\/v2\/types\/post"}],"author":[{"embeddable":true,"href":"https:\/\/podernacional.com\/index.php?rest_route=\/wp\/v2\/users\/1"}],"replies":[{"embeddable":true,"href":"https:\/\/podernacional.com\/index.php?rest_route=%2Fwp%2Fv2%2Fcomments&post=12462"}],"version-history":[{"count":1,"href":"https:\/\/podernacional.com\/index.php?rest_route=\/wp\/v2\/posts\/12462\/revisions"}],"predecessor-version":[{"id":12463,"href":"https:\/\/podernacional.com\/index.php?rest_route=\/wp\/v2\/posts\/12462\/revisions\/12463"}],"wp:featuredmedia":[{"embeddable":true,"href":"https:\/\/podernacional.com\/index.php?rest_route=\/wp\/v2\/media\/12464"}],"wp:attachment":[{"href":"https:\/\/podernacional.com\/index.php?rest_route=%2Fwp%2Fv2%2Fmedia&parent=12462"}],"wp:term":[{"taxonomy":"category","embeddable":true,"href":"https:\/\/podernacional.com\/index.php?rest_route=%2Fwp%2Fv2%2Fcategories&post=12462"},{"taxonomy":"post_tag","embeddable":true,"href":"https:\/\/podernacional.com\/index.php?rest_route=%2Fwp%2Fv2%2Ftags&post=12462"}],"curies":[{"name":"wp","href":"https:\/\/api.w.org\/{rel}","templated":true}]}}