{"id":12474,"date":"2023-02-06T14:33:42","date_gmt":"2023-02-06T19:33:42","guid":{"rendered":"https:\/\/podernacional.com\/?p=12474"},"modified":"2023-02-06T19:34:00","modified_gmt":"2023-02-06T19:34:00","slug":"buscan-a-futbolista-christian-atsu-tras-terremoto-en-turquia","status":"publish","type":"post","link":"https:\/\/podernacional.com\/?p=12474","title":{"rendered":"Buscan a futbolista Christian Atsu tras terremoto en Turqu\u00eda"},"content":{"rendered":"<p>El mediocampista del Hatayspor se encuentra entre los desaparecidos del grave terremoto que ha dejado m\u00e1s de mil fallecidos<\/p>\n<p>El exjugador del M\u00e1laga, Christian Atsu, que milita en el Hatayspor, figura entre los desaparecidos por el grave terremoto que sacudi\u00f3 el sureste de Turqu\u00eda y que de momento ha dejado m\u00e1s de mil fallecidos.<\/p>\n<p>Christian Atsu, centrocampista ghan\u00e9s que tambi\u00e9n perteneci\u00f3 al Porto, Chelsea, Newcastle United y que jug\u00f3 en el M\u00e1laga en el 2016, est\u00e1 siendo buscado porque a\u00fan no se ha puesto en contacto con los dirigentes del club.<\/p>\n<p>El futbolista africano fue el autor del triunfo de su equipo este mismo domingo ante el Kasimpasa (1-0). Por el momento no se ha podido contactar con \u00e9l, al igual que ocurre con el director deportivo, Taner Savut.<\/p>\n<p>\u00abNuestros pensamientos est\u00e1n con \u00e9l y su familia en estos momentos de terrible angustia\u00bb, public\u00f3 el club malaguista en sus redes sociales.<\/p>\n<p>En cambio, s\u00ed que pudo salir entre los escombros por sus propios medios Kerim Alici y fueron rescatados los tambi\u00e9n jugadores Burak Oksuz y Onur Ergun, as\u00ed como el traductor Emre Aslan.<\/p>\n<p>Volkan Demirel, exguardameta internacional y actual entrenador del Hatayspor, public\u00f3 un mensaje en sus redes sociales en las que pidi\u00f3 ayuda inmediata y rompi\u00f3 a llorar preso de la emoci\u00f3n por los dif\u00edciles momentos que est\u00e1n viviendo.<\/p>\n","protected":false},"excerpt":{"rendered":"<p>El mediocampista del Hatayspor se encuentra entre los desaparecidos del grave terremoto que ha dejado m\u00e1s de mil fallecidos El exjugador del M\u00e1laga, Christian Atsu, que milita en el Hatayspor, figura entre los desaparecidos por el grave terremoto que sacudi\u00f3 el sureste de Turqu\u00eda y que de momento ha dejado m\u00e1s de mil fallecidos. Christian [&hellip;]<\/p>\n","protected":false},"author":1,"featured_media":12476,"comment_status":"open","ping_status":"closed","sticky":false,"template":"","format":"standard","meta":{"footnotes":""},"categories":[5],"tags":[],"class_list":["post-12474","post","type-post","status-publish","format-standard","has-post-thumbnail","hentry","category-internacional"],"_links":{"self":[{"href":"https:\/\/podernacional.com\/index.php?rest_route=\/wp\/v2\/posts\/12474","targetHints":{"allow":["GET"]}}],"collection":[{"href":"https:\/\/podernacional.com\/index.php?rest_route=\/wp\/v2\/posts"}],"about":[{"href":"https:\/\/podernacional.com\/index.php?rest_route=\/wp\/v2\/types\/post"}],"author":[{"embeddable":true,"href":"https:\/\/podernacional.com\/index.php?rest_route=\/wp\/v2\/users\/1"}],"replies":[{"embeddable":true,"href":"https:\/\/podernacional.com\/index.php?rest_route=%2Fwp%2Fv2%2Fcomments&post=12474"}],"version-history":[{"count":1,"href":"https:\/\/podernacional.com\/index.php?rest_route=\/wp\/v2\/posts\/12474\/revisions"}],"predecessor-version":[{"id":12475,"href":"https:\/\/podernacional.com\/index.php?rest_route=\/wp\/v2\/posts\/12474\/revisions\/12475"}],"wp:featuredmedia":[{"embeddable":true,"href":"https:\/\/podernacional.com\/index.php?rest_route=\/wp\/v2\/media\/12476"}],"wp:attachment":[{"href":"https:\/\/podernacional.com\/index.php?rest_route=%2Fwp%2Fv2%2Fmedia&parent=12474"}],"wp:term":[{"taxonomy":"category","embeddable":true,"href":"https:\/\/podernacional.com\/index.php?rest_route=%2Fwp%2Fv2%2Fcategories&post=12474"},{"taxonomy":"post_tag","embeddable":true,"href":"https:\/\/podernacional.com\/index.php?rest_route=%2Fwp%2Fv2%2Ftags&post=12474"}],"curies":[{"name":"wp","href":"https:\/\/api.w.org\/{rel}","templated":true}]}}