{"id":12480,"date":"2023-02-06T16:02:10","date_gmt":"2023-02-06T21:02:10","guid":{"rendered":"https:\/\/podernacional.com\/?p=12480"},"modified":"2023-02-06T21:02:12","modified_gmt":"2023-02-06T21:02:12","slug":"pelea-de-marcas-registradas-coachella-demanda-a-festival-musical-moechella","status":"publish","type":"post","link":"https:\/\/podernacional.com\/?p=12480","title":{"rendered":"Pelea de marcas registradas: Coachella demanda a festival musical Moechella"},"content":{"rendered":"<h4>La demanda presentada en la corte federal de Washington alega que la pareja de DC intercambia intencionalmente la \u201cbuena voluntad\u201d del nombre de Coachella<\/h4>\n<p>Pelea de marcas registradas: Coachella, el festival de m\u00fasica anual multimillonario de California.<\/p>\n<p>El cual\u00a0est\u00e1 demandando a dos entusiastas de Washington DC por iniciar una serie de conciertos llamados Moechella.<\/p>\n<p>La demanda presentada en la corte federal de Washington la semana pasada alega que la pareja de DC.<\/p>\n<p>El cual \u201cintercambia intencionalmente la buena voluntad\u201d del nombre de Coachella y crea \u201cconfusi\u00f3n\u201d al sugerir una afiliaci\u00f3n inexistente.<\/p>\n<p>Tambi\u00e9n apunta que la reputaci\u00f3n de Coachella se vio da\u00f1ada por un tiroteo en el concierto Juneteenth Moechella del a\u00f1o pasado.<\/p>\n<p>El cual\u00a0donde un ni\u00f1o de 15 a\u00f1os muri\u00f3 y tres personas resultaron heridas.<\/p>\n<p>El m\u00fasico Justin \u00abYaddiya\u00bb Johnson est\u00e1 siendo demandado junto con Kelsye Adams.<\/p>\n<p>Adem\u00e1s de\u00a0quien junto con su participaci\u00f3n en Moechella es una defensora de los derechos de voto de DC.<\/p>\n<p>Coachella se queja de que, junto con el nombre, Moechella usa una fuente \u00absorprendentemente similar\u00bb.<\/p>\n<p>As\u00ed como en su logotipo y lo incluye en productos como sudaderas y otros suvenires.<\/p>\n<p>Est\u00e1n solicitando una orden judicial contra el uso del nombre y el logotipo, as\u00ed como cualquier beneficio obtenido con el t\u00e9rmino Moechella.<\/p>\n<p>Adem\u00e1s de da\u00f1os punitivos, honorarios de abogados y compensaci\u00f3n por \u00abpublicidad correctiva\u00bb.<\/p>\n<h4>El litigio entre Moechella y Coachella<\/h4>\n<p>Johnson declar\u00f3 a The Washington Post que ya hab\u00eda acordado dejar de usar \u00abMoechella\u00bb.<\/p>\n<p>El cual en la mercanc\u00eda y pens\u00f3 que el problema estaba resuelto hasta que se presentara la demanda.<\/p>\n<p>Ahora, las cuentas y publicaciones de las redes sociales de Moechella est\u00e1n siendo eliminadas.<\/p>\n<p>\u201cEs una locura para m\u00ed que est\u00e9n atacando un movimiento de protesta que organiza activaciones gratuitas para la comunidad\u201d, agreg\u00f3 Johnson.<\/p>\n<p>Coachella genera cientos de millones de d\u00f3lares al a\u00f1o con cabezas de cartel como Beyonc\u00e9, Lady Gaga y Bad Bunny.<\/p>\n<p>Adem\u00e1s de\u00a0las entradas para el festival de este a\u00f1o comenzaron en $500.<\/p>\n<p>Mientras que Moechella comenz\u00f3 como una protesta en defensa de una tienda Metro PCS que ha lanzado m\u00fasica go-go.<\/p>\n<p>As\u00ed como de\u00a0un giro de DC a la m\u00fasica funk, en una concurrida intersecci\u00f3n del \u00e1rea de Shaw durante dos d\u00e9cadas.<\/p>\n<p>En la demanda, Coachella se\u00f1ala que un art\u00edculo del Washington City Paper de 2022 describi\u00f3 el nombre \u00abMoechella\u00bb.<\/p>\n<p>As\u00ed como \u00abargot para amigo, combinado con una obra de teatro en el festival de California\u00bb.<\/p>\n<p>En el art\u00edculo, Johnson coment\u00f3 que hab\u00eda tratado de registrar el nombre \u00abMoechella\u00bb, pero se rindi\u00f3 despu\u00e9s del rechazo de Coachella.<\/p>\n<p>Johnson expres\u00f3 que Moechella era solo \u201cuna parodia divertida\u201d que surgi\u00f3 org\u00e1nicamente durante las protestas de 2019.<\/p>\n<p>\u201cSe encontr\u00f3 a s\u00ed mismo, Moechella fue nombrada por la gente\u201d, agreg\u00f3.<\/p>\n<p>Pelea de marcas registradas: Coachella demanda a festival musical<\/p>\n","protected":false},"excerpt":{"rendered":"<p>La demanda presentada en la corte federal de Washington alega que la pareja de DC intercambia intencionalmente la \u201cbuena voluntad\u201d del nombre de Coachella Pelea de marcas registradas: Coachella, el festival de m\u00fasica anual multimillonario de California. El cual\u00a0est\u00e1 demandando a dos entusiastas de Washington DC por iniciar una serie de conciertos llamados Moechella. La [&hellip;]<\/p>\n","protected":false},"author":1,"featured_media":12482,"comment_status":"open","ping_status":"closed","sticky":false,"template":"","format":"standard","meta":{"footnotes":""},"categories":[2],"tags":[],"class_list":["post-12480","post","type-post","status-publish","format-standard","has-post-thumbnail","hentry","category-cultural"],"_links":{"self":[{"href":"https:\/\/podernacional.com\/index.php?rest_route=\/wp\/v2\/posts\/12480","targetHints":{"allow":["GET"]}}],"collection":[{"href":"https:\/\/podernacional.com\/index.php?rest_route=\/wp\/v2\/posts"}],"about":[{"href":"https:\/\/podernacional.com\/index.php?rest_route=\/wp\/v2\/types\/post"}],"author":[{"embeddable":true,"href":"https:\/\/podernacional.com\/index.php?rest_route=\/wp\/v2\/users\/1"}],"replies":[{"embeddable":true,"href":"https:\/\/podernacional.com\/index.php?rest_route=%2Fwp%2Fv2%2Fcomments&post=12480"}],"version-history":[{"count":1,"href":"https:\/\/podernacional.com\/index.php?rest_route=\/wp\/v2\/posts\/12480\/revisions"}],"predecessor-version":[{"id":12481,"href":"https:\/\/podernacional.com\/index.php?rest_route=\/wp\/v2\/posts\/12480\/revisions\/12481"}],"wp:featuredmedia":[{"embeddable":true,"href":"https:\/\/podernacional.com\/index.php?rest_route=\/wp\/v2\/media\/12482"}],"wp:attachment":[{"href":"https:\/\/podernacional.com\/index.php?rest_route=%2Fwp%2Fv2%2Fmedia&parent=12480"}],"wp:term":[{"taxonomy":"category","embeddable":true,"href":"https:\/\/podernacional.com\/index.php?rest_route=%2Fwp%2Fv2%2Fcategories&post=12480"},{"taxonomy":"post_tag","embeddable":true,"href":"https:\/\/podernacional.com\/index.php?rest_route=%2Fwp%2Fv2%2Ftags&post=12480"}],"curies":[{"name":"wp","href":"https:\/\/api.w.org\/{rel}","templated":true}]}}