{"id":12486,"date":"2023-02-06T16:18:43","date_gmt":"2023-02-06T21:18:43","guid":{"rendered":"https:\/\/podernacional.com\/?p=12486"},"modified":"2023-02-06T21:18:44","modified_gmt":"2023-02-06T21:18:44","slug":"las-tiburonas-debutan-con-un-empate-0-0-ante-deportes-tolima","status":"publish","type":"post","link":"https:\/\/podernacional.com\/?p=12486","title":{"rendered":"Las Tiburonas debutan con un empate 0-0 ante Deportes Tolima"},"content":{"rendered":"<h4>El Junior femenino se estren\u00f3 en la Liga 2023 en el estadio Romelio Mart\u00ednez.<\/h4>\n<p>Las Tiburonas: Junior no pas\u00f3 del 0-0 ante Deportes Tolima en su debut en la Liga Femenina 2023, este domingo en el estadio Romelio Mart\u00ednez.<\/p>\n<p>El conjunto dirigido por la barranquillera Yinaris Garc\u00eda, procur\u00f3 darle buen manejo al bal\u00f3n.<\/p>\n<p>As\u00ed como de generar opciones de gol, pero careci\u00f3 de contundencia a la hora de definir.<\/p>\n<p>Las Tiburonas formaron de la siguiente manera: Jeimy Jaimes, Valerin Aguilar, Jessica Bermeo, Carolina Arias, Lisseth Moreno.<\/p>\n<p>Al igual que de\u00a0Tahicelis Marcano, Paula Hern\u00e1ndez, Wesley Rodr\u00edguez, Leidy Chica, Joselyn Gonz\u00e1lez y Karina Valencia.<\/p>\n<p>En la pr\u00f3xima jornada, el domingo 12 de febrero, las \u2018Tiburonas\u2019 se medir\u00e1n al Real Santander, en el estadio Villa Concha.<\/p>\n<p>Dicha ubicaci\u00f3n\u00a0en Piedecuesta, Santander, a partir de las 4 p.m.<\/p>\n<p>En otros resultados: Deportivo Pereira empat\u00f3 2-2 ante Medell\u00edn, Cortulu\u00e1 cay\u00f3 en su casa 3-0 frente al Am\u00e9rica de Cali.<\/p>\n<p>As\u00ed como del Deportivo Cali se impuso 2-0 a Real Santander.<\/p>\n<p>Las Tiburonas debutan con un empate 0-0 ante Deportes Tolima<\/p>\n<p>&nbsp;<\/p>\n","protected":false},"excerpt":{"rendered":"<p>El Junior femenino se estren\u00f3 en la Liga 2023 en el estadio Romelio Mart\u00ednez. Las Tiburonas: Junior no pas\u00f3 del 0-0 ante Deportes Tolima en su debut en la Liga Femenina 2023, este domingo en el estadio Romelio Mart\u00ednez. El conjunto dirigido por la barranquillera Yinaris Garc\u00eda, procur\u00f3 darle buen manejo al bal\u00f3n. As\u00ed como [&hellip;]<\/p>\n","protected":false},"author":1,"featured_media":12488,"comment_status":"open","ping_status":"closed","sticky":false,"template":"","format":"standard","meta":{"footnotes":""},"categories":[3],"tags":[],"class_list":["post-12486","post","type-post","status-publish","format-standard","has-post-thumbnail","hentry","category-deportes"],"_links":{"self":[{"href":"https:\/\/podernacional.com\/index.php?rest_route=\/wp\/v2\/posts\/12486","targetHints":{"allow":["GET"]}}],"collection":[{"href":"https:\/\/podernacional.com\/index.php?rest_route=\/wp\/v2\/posts"}],"about":[{"href":"https:\/\/podernacional.com\/index.php?rest_route=\/wp\/v2\/types\/post"}],"author":[{"embeddable":true,"href":"https:\/\/podernacional.com\/index.php?rest_route=\/wp\/v2\/users\/1"}],"replies":[{"embeddable":true,"href":"https:\/\/podernacional.com\/index.php?rest_route=%2Fwp%2Fv2%2Fcomments&post=12486"}],"version-history":[{"count":1,"href":"https:\/\/podernacional.com\/index.php?rest_route=\/wp\/v2\/posts\/12486\/revisions"}],"predecessor-version":[{"id":12487,"href":"https:\/\/podernacional.com\/index.php?rest_route=\/wp\/v2\/posts\/12486\/revisions\/12487"}],"wp:featuredmedia":[{"embeddable":true,"href":"https:\/\/podernacional.com\/index.php?rest_route=\/wp\/v2\/media\/12488"}],"wp:attachment":[{"href":"https:\/\/podernacional.com\/index.php?rest_route=%2Fwp%2Fv2%2Fmedia&parent=12486"}],"wp:term":[{"taxonomy":"category","embeddable":true,"href":"https:\/\/podernacional.com\/index.php?rest_route=%2Fwp%2Fv2%2Fcategories&post=12486"},{"taxonomy":"post_tag","embeddable":true,"href":"https:\/\/podernacional.com\/index.php?rest_route=%2Fwp%2Fv2%2Ftags&post=12486"}],"curies":[{"name":"wp","href":"https:\/\/api.w.org\/{rel}","templated":true}]}}