{"id":12492,"date":"2023-02-06T17:50:24","date_gmt":"2023-02-06T22:50:24","guid":{"rendered":"https:\/\/podernacional.com\/?p=12492"},"modified":"2023-02-06T22:50:25","modified_gmt":"2023-02-06T22:50:25","slug":"nace-plataforma-de-respaldo-a-marcelo-ebrard-en-quintana-roo","status":"publish","type":"post","link":"https:\/\/podernacional.com\/?p=12492","title":{"rendered":"Nace plataforma de respaldo a Marcelo Ebrard, en Quintana Roo"},"content":{"rendered":"<h4>Desde la capital de Quintana Roo, Chetumal, distintas agrupaciones del estado presentaron la plataforma de respaldo a Marcelo Ebrard Casaub\u00f3n.<\/h4>\n<p><a href=\"https:\/\/whatsappmexico.com\/?p=11892\">Plataforma<\/a> de respaldo: Esto como el ciudadano m\u00e1s capacitado para encabezar la defensa de la Cuarta Transformaci\u00f3n.<\/p>\n<p>Adem\u00e1s de que\u00a0en conferencia de prensa encabezada por la ex diputada federal Guillermina Alvarado (coordinadora nacional de Morena Progresista).<\/p>\n<p>El cual est\u00e1\u00a0por Fernando Aboitiz, enlace nacional en Quintana Roo de \u201cCon Marcelo S\u00ed\u201d.<\/p>\n<p>As\u00ed como\u00a0por Enrique Mendoza, representante del senador Rafael Espino, grupos de mujeres, empresariales, \u00e9tnicos, pol\u00edticos, etc\u00e9tera.<\/p>\n<p>El cual se menciona de que\u00a0cerraron filas en torno \u201cal amigo\u201d Marcelo Ebrard, \u201cMarcelo es el amigo de las mujeres.<\/p>\n<p>Adem\u00e1s del que est\u00e1 ah\u00ed siempre que lo necesitan, el que respalda al gobierno de M\u00e9xico en otros pa\u00edses, ese es Marcelo Ebrard\u201d.<\/p>\n<h4>El cual destac\u00f3 Guillermina Alvarado. La estructura de apoyo a favor de Ebrard Casaub\u00f3n en la b\u00fasqueda de la Coordinaci\u00f3n Nacional.<\/h4>\n<p>Esto\u00a0de los Comit\u00e9s de Defensa de la Cuarta Transformaci\u00f3n, fue presentada en la capital de Quintana Roo.<\/p>\n<p>Lugar en\u00a0donde se unieron distintos sectores de la sociedad, desde lo acad\u00e9mico hasta lo econ\u00f3mico.<\/p>\n<p>Adem\u00e1s de integrantes reconocidos de la historia local y del futuro estatal.<\/p>\n<p>As\u00ed como con\u00a0el objetivo del encuentro fue presentar la estructura para difundir la imagen, trabajo y trayectoria de a\u00f1os de Marcelo Ebrard.<\/p>\n<p>Esto\u00a0con el fin de continuar impulsando el avance de la Cuarta Transformaci\u00f3n desde Quintana Roo.<\/p>\n","protected":false},"excerpt":{"rendered":"<p>Desde la capital de Quintana Roo, Chetumal, distintas agrupaciones del estado presentaron la plataforma de respaldo a Marcelo Ebrard Casaub\u00f3n. Plataforma de respaldo: Esto como el ciudadano m\u00e1s capacitado para encabezar la defensa de la Cuarta Transformaci\u00f3n. Adem\u00e1s de que\u00a0en conferencia de prensa encabezada por la ex diputada federal Guillermina Alvarado (coordinadora nacional de Morena [&hellip;]<\/p>\n","protected":false},"author":1,"featured_media":12494,"comment_status":"open","ping_status":"closed","sticky":false,"template":"","format":"standard","meta":{"footnotes":""},"categories":[9],"tags":[],"class_list":["post-12492","post","type-post","status-publish","format-standard","has-post-thumbnail","hentry","category-politica"],"_links":{"self":[{"href":"https:\/\/podernacional.com\/index.php?rest_route=\/wp\/v2\/posts\/12492","targetHints":{"allow":["GET"]}}],"collection":[{"href":"https:\/\/podernacional.com\/index.php?rest_route=\/wp\/v2\/posts"}],"about":[{"href":"https:\/\/podernacional.com\/index.php?rest_route=\/wp\/v2\/types\/post"}],"author":[{"embeddable":true,"href":"https:\/\/podernacional.com\/index.php?rest_route=\/wp\/v2\/users\/1"}],"replies":[{"embeddable":true,"href":"https:\/\/podernacional.com\/index.php?rest_route=%2Fwp%2Fv2%2Fcomments&post=12492"}],"version-history":[{"count":1,"href":"https:\/\/podernacional.com\/index.php?rest_route=\/wp\/v2\/posts\/12492\/revisions"}],"predecessor-version":[{"id":12493,"href":"https:\/\/podernacional.com\/index.php?rest_route=\/wp\/v2\/posts\/12492\/revisions\/12493"}],"wp:featuredmedia":[{"embeddable":true,"href":"https:\/\/podernacional.com\/index.php?rest_route=\/wp\/v2\/media\/12494"}],"wp:attachment":[{"href":"https:\/\/podernacional.com\/index.php?rest_route=%2Fwp%2Fv2%2Fmedia&parent=12492"}],"wp:term":[{"taxonomy":"category","embeddable":true,"href":"https:\/\/podernacional.com\/index.php?rest_route=%2Fwp%2Fv2%2Fcategories&post=12492"},{"taxonomy":"post_tag","embeddable":true,"href":"https:\/\/podernacional.com\/index.php?rest_route=%2Fwp%2Fv2%2Ftags&post=12492"}],"curies":[{"name":"wp","href":"https:\/\/api.w.org\/{rel}","templated":true}]}}