{"id":1252,"date":"2020-09-07T22:47:11","date_gmt":"2020-09-07T22:47:11","guid":{"rendered":"http:\/\/whatsappcancun.com\/?p=1252"},"modified":"2020-09-07T22:47:11","modified_gmt":"2020-09-07T22:47:11","slug":"crean-teorias-de-que-chabelo-es-un-viajero-del-tiempo-sera-cierto","status":"publish","type":"post","link":"https:\/\/podernacional.com\/?p=1252","title":{"rendered":"Crean teor\u00edas de que \u2018Chabelo\u2019 es un viajero del tiempo; \u00bfser\u00e1 cierto?"},"content":{"rendered":"\n<p>\u2018Chabelo\u2019 vuelve a ser tendencia por una supuesta teor\u00eda en la que se dice que es un ser de hace mucho tiempo atr\u00e1s<\/p>\n\n\n\n<p>Todos los domingos las<strong>&nbsp;familias mexicanas&nbsp;<\/strong>despertaban desde muy temprano para poder ver el programa \u201cEn familia con<strong>&nbsp;Chabelo<\/strong>\u201d el cual era divertido para todas las edades; este programa dur\u00f3 al aire durante 48 a\u00f1os desde el a\u00f1o 1967 hasta el&nbsp;<strong>\u00faltimo episodio en el 2015.<\/strong><\/p>\n\n\n\n<p>El ic\u00f3nico conductor del famoso programa era\u00a0<strong>Xavier L\u00f3pez \u201cChabelo\u201d<\/strong>\u00a0quien era admirado por grandes y chicos por su peculiar voz y simpat\u00eda al momento de conducir pues se asemejaba a la de un ni\u00f1o. Conductor que\u00a0<strong>en muchas ocasiones se ha dicho que falleci\u00f3,<\/strong>\u00a0ha causado distintos tipos de burlas y teor\u00edas sobre su edad.<\/p>\n\n\n\n<figure class=\"wp-block-embed-twitter wp-block-embed is-type-rich is-provider-twitter\"><div class=\"wp-block-embed__wrapper\">\n<blockquote class=\"twitter-tweet\" data-width=\"550\" data-dnt=\"true\"><p lang=\"es\" dir=\"ltr\">\u00a1<a href=\"https:\/\/twitter.com\/hashtag\/chabelo?src=hash&amp;ref_src=twsrc%5Etfw\">#chabelo<\/a>, testigo de la historia&#8230;! <a href=\"https:\/\/t.co\/LLsjEg2HpU\">pic.twitter.com\/LLsjEg2HpU<\/a><\/p>&mdash; Homme et Sinnerman &#8211; Il pagliaccio (@Jimbo_Rozo) <a href=\"https:\/\/twitter.com\/Jimbo_Rozo\/status\/1302647053638565888?ref_src=twsrc%5Etfw\">September 6, 2020<\/a><\/blockquote><script async src=\"https:\/\/platform.twitter.com\/widgets.js\" charset=\"utf-8\"><\/script>\n<\/div><\/figure>\n\n\n\n<p>Hoy el conductor s<strong>e volvi\u00f3 tendencia en redes sociales nuevamente<\/strong>&nbsp;por una teor\u00eda en la que aseguran que es un viajero del tiempo pues se cree que ha estado&nbsp;<strong>presente en este planeta<\/strong>&nbsp;desde bastante tiempo atr\u00e1s.<\/p>\n\n\n\n<p>A pesar de que el famoso \u2018Chabelo\u2019<strong>&nbsp;tiene 85 a\u00f1os<\/strong>, ha sido objeto de burlas pues existen teor\u00edas en las que ha estado presente en distintos acontecimientos importantes del mundo siendo una figura clave de ellos.&nbsp;<strong>Una prueba que hace creer que estas teor\u00edas son realidad,<\/strong>&nbsp;es la existencia de una foto en la que aparece un hombre caminado dentro de una multitud y se puede ver el rostro del famoso conductor.<\/p>\n\n\n\n<figure class=\"wp-block-image\"><img decoding=\"async\" src=\"https:\/\/www.meganews.mx\/wp-content\/uploads\/2020\/09\/Crean-teor%C3%ADas-de-que-Chabelo-es-un-viajero-del-tiempo-%C2%BFser%C3%A1-cierto-2.jpg\" alt=\"Crean teor\u00edas de que Chabelo es un viajero del tiempo; \u00bfser\u00e1 cierto?\" class=\"wp-image-164167\"\/><\/figure>\n\n\n\n<p><\/p>\n","protected":false},"excerpt":{"rendered":"<p>\u2018Chabelo\u2019 vuelve a ser tendencia por una supuesta teor\u00eda en la que se dice que es un ser de hace mucho tiempo atr\u00e1s Todos los domingos las&nbsp;familias mexicanas&nbsp;despertaban desde muy temprano para poder ver el programa \u201cEn familia con&nbsp;Chabelo\u201d el cual era divertido para todas las edades; este programa dur\u00f3 al aire durante 48 a\u00f1os [&hellip;]<\/p>\n","protected":false},"author":1,"featured_media":1253,"comment_status":"open","ping_status":"open","sticky":false,"template":"","format":"standard","meta":{"footnotes":""},"categories":[12],"tags":[],"class_list":["post-1252","post","type-post","status-publish","format-standard","has-post-thumbnail","hentry","category-sin-categoria"],"_links":{"self":[{"href":"https:\/\/podernacional.com\/index.php?rest_route=\/wp\/v2\/posts\/1252","targetHints":{"allow":["GET"]}}],"collection":[{"href":"https:\/\/podernacional.com\/index.php?rest_route=\/wp\/v2\/posts"}],"about":[{"href":"https:\/\/podernacional.com\/index.php?rest_route=\/wp\/v2\/types\/post"}],"author":[{"embeddable":true,"href":"https:\/\/podernacional.com\/index.php?rest_route=\/wp\/v2\/users\/1"}],"replies":[{"embeddable":true,"href":"https:\/\/podernacional.com\/index.php?rest_route=%2Fwp%2Fv2%2Fcomments&post=1252"}],"version-history":[{"count":0,"href":"https:\/\/podernacional.com\/index.php?rest_route=\/wp\/v2\/posts\/1252\/revisions"}],"wp:featuredmedia":[{"embeddable":true,"href":"https:\/\/podernacional.com\/index.php?rest_route=\/wp\/v2\/media\/1253"}],"wp:attachment":[{"href":"https:\/\/podernacional.com\/index.php?rest_route=%2Fwp%2Fv2%2Fmedia&parent=1252"}],"wp:term":[{"taxonomy":"category","embeddable":true,"href":"https:\/\/podernacional.com\/index.php?rest_route=%2Fwp%2Fv2%2Fcategories&post=1252"},{"taxonomy":"post_tag","embeddable":true,"href":"https:\/\/podernacional.com\/index.php?rest_route=%2Fwp%2Fv2%2Ftags&post=1252"}],"curies":[{"name":"wp","href":"https:\/\/api.w.org\/{rel}","templated":true}]}}