{"id":12537,"date":"2023-02-08T16:39:31","date_gmt":"2023-02-08T21:39:31","guid":{"rendered":"https:\/\/podernacional.com\/?p=12537"},"modified":"2023-02-08T21:39:33","modified_gmt":"2023-02-08T21:39:33","slug":"monolink-lidera-el-lineup-de-sunsnow-festival-2023-en-granada","status":"publish","type":"post","link":"https:\/\/podernacional.com\/?p=12537","title":{"rendered":"Monolink lidera el lineup de sun&amp;snow festival 2023 en Granada"},"content":{"rendered":"<h4>\u00c2me y Carlita tambi\u00e9n formar\u00e1n parte de la cuarta edici\u00f3n del mejor festival de invierno en Sierra Nevada<\/h4>\n<p>Monolink: Una constelaci\u00f3n de estrellas de la m\u00fasica electr\u00f3nica capitaneados por Monolink, \u00c2me y Carlita se alistan para la cuarta edici\u00f3n.<\/p>\n<p>Esto\u00a0de Sun&amp;Snow Festival que se llevar\u00e1 a cabo el 31 de marzo, 01-02 de abril en el Parque Nacional de Sierra Nevada, Granada.<\/p>\n<p>El festival tambi\u00e9n denominado Sun&amp;Snow Weekend que se desplegar\u00e1 a lo largo de tres d\u00edas, ofrecer\u00e1 una propuesta diurna con conciertos.<\/p>\n<p>As\u00ed como de\u00a0actividades de monta\u00f1a, talleres, espect\u00e1culos y zonas de restauraci\u00f3n.<\/p>\n<p>As\u00ed como una programaci\u00f3n nocturna de primer nivel con actuaciones de los mejores artistas del momento.<\/p>\n<p>Como todo un festival de prestigio internacional, tienes a tu disposici\u00f3n entradas, abonos, y pack de alojamiento.<\/p>\n<p>Esto\u00a0en los mejores hoteles de Sierra Nevada, y vivir un evento inolvidable desde la Estaci\u00f3n con mayor desnivel esquiable del sur de Europa (1.200m).<\/p>\n<h4>Lineup de Sun&amp;Snow Festival 2023<\/h4>\n<p>Como headliner del evento, Monolink abrir\u00e1 las puertas a un mundo m\u00e1gico con su set live.<\/p>\n<p>A \u00e9l, se suman el legendario Kristian Beyer reconocido por formar parte de \u00c2me.<\/p>\n<p>Se suma a ellos la prol\u00edfica productora turca y revelaci\u00f3n del momento, Carlita.<\/p>\n<p>Los sonidos de Afterlife llegar\u00e1n gracias a Innellea, The Element y Echonomist.<\/p>\n<p>Otras figuras revelantes como Arodes, CC:Disco!, Ivory o Vite tambi\u00e9n forman parte del lineup.<\/p>\n<p>Talentos nacionales y emergentes como Avar Garden, Gabi, Masella, Valderrama, Marcus Worgull, Kid Simius, Cato Anaya.<\/p>\n<p>As\u00ed como de\u00a0Way of Thinking o Foreverness tambi\u00e9n ofrecer\u00e1n shows espectaculares.<\/p>\n<h4>Sun&amp;Snow Festival 2023: Tem\u00e1tica y otras actividades<\/h4>\n<p>El festival se llevar\u00e1 a cabo a trav\u00e9s de 3 escenarios: Altitude Stage, Sunny Stage y The Mountain Club, repartidos en 2 zonas:<\/p>\n<p>Borreguiles (s\u00e1bado en pistas) y Parque del Mirlo Blanco. Si bien la mayor\u00eda de actividades se realizar\u00e1 en espacios internos.<\/p>\n<p>Al igual que\u00a0los que desean una fiesta al aire libre lo tendr\u00e1n en Borreguiles.<\/p>\n<p>Adem\u00e1s de disfrutar de la mejor oferta musical con artistas de primer nivel local, nacional e internacional.<\/p>\n<p>Adem\u00e1s que\u00a0tendr\u00e1s la posibilidad de realizar actividades en la nieve como Pond Skim, vuelos en parapente, Mountain Tour, Trekking o subida al Pico Veleta.<\/p>\n<p>Sun&amp;Snow Festival 2023: Ubicaci\u00f3n y formas de llegar<\/p>\n<p>Sun&amp;Snow est\u00e1 ubicado en el Parque Nacional de Sierra Nevada, el emplazamiento ideal tanto para realizar eventos musicales.<\/p>\n<p>As\u00ed\u00a0como actividades de deporte de invierno en medio de maravillosas monta\u00f1as y un entorno completamente id\u00edlico.<\/p>\n<h4>\u00bfC\u00f3mo llegar a Sun&amp;Snow Festival?<\/h4>\n<p>Avi\u00f3n: Desde los aeropuertos m\u00e1s pr\u00f3ximos en Granada, M\u00e1laga, Sevilla y Madrid.<\/p>\n<p>Tren: Estaci\u00f3n de tren de Granada 902 320 320, conexiones mediante AVE con Madrid y Barcelona. As\u00ed como diversas localidades de la provincia.<\/p>\n<p>Coche: Por la carretera A-395, a 31 km de Granada, 160 de M\u00e1laga y 400 de Madrid.<\/p>\n<p>Bus: Desde la estaci\u00f3n de Bus de Granada que cuenta con diversas conexiones diarias con las principales ciudades del pa\u00eds.<\/p>\n<p>Autobuses Granada \u2013 Sierra Nevada proporcionados por la empresa Tocina.<\/p>\n<h4>Boletos para Sun&amp;Snow Festival 2023<\/h4>\n<p>Los boletos siguen disponibles. A la fecha de actualizaci\u00f3n de la nota, puedes conseguir la 2da tanda del paquete de 3 d\u00edas.<\/p>\n<p>Esto\u00a0por 89,00 \u20ac mientras que el paquete Ski &amp; Dance que incluye Forfait\/Ski pass para el s\u00e1bado cuesta a partir de 139,00 \u20ac.<\/p>\n<p>Por otro lado Sun&amp;Snow te ofrece una amplia oferta de alojamiento en hoteles cerca a la Plaza Principal de la Estaci\u00f3n.<\/p>\n<p>Al igual que\u00a0la parada del Telesilla o recinto del festival. Los precios por persona parten desde 144,50 \u20ac.<\/p>\n<p>Si vienes en grupo, no te preocupes, el festival te ofrece paquetes personalizados para hasta 20 personas.<\/p>\n<p>Puedes solicitar informaci\u00f3n esencial para esto, y pedir ayuda para llegar a Sierra Nevada de la mejor manera desde este enlace.<\/p>\n<p>Monolink lidera el lineup de sun&amp;snow festival 2023 en Granada<\/p>\n","protected":false},"excerpt":{"rendered":"<p>\u00c2me y Carlita tambi\u00e9n formar\u00e1n parte de la cuarta edici\u00f3n del mejor festival de invierno en Sierra Nevada Monolink: Una constelaci\u00f3n de estrellas de la m\u00fasica electr\u00f3nica capitaneados por Monolink, \u00c2me y Carlita se alistan para la cuarta edici\u00f3n. Esto\u00a0de Sun&amp;Snow Festival que se llevar\u00e1 a cabo el 31 de marzo, 01-02 de abril en [&hellip;]<\/p>\n","protected":false},"author":1,"featured_media":12539,"comment_status":"open","ping_status":"closed","sticky":false,"template":"","format":"standard","meta":{"footnotes":""},"categories":[2],"tags":[],"class_list":["post-12537","post","type-post","status-publish","format-standard","has-post-thumbnail","hentry","category-cultural"],"_links":{"self":[{"href":"https:\/\/podernacional.com\/index.php?rest_route=\/wp\/v2\/posts\/12537","targetHints":{"allow":["GET"]}}],"collection":[{"href":"https:\/\/podernacional.com\/index.php?rest_route=\/wp\/v2\/posts"}],"about":[{"href":"https:\/\/podernacional.com\/index.php?rest_route=\/wp\/v2\/types\/post"}],"author":[{"embeddable":true,"href":"https:\/\/podernacional.com\/index.php?rest_route=\/wp\/v2\/users\/1"}],"replies":[{"embeddable":true,"href":"https:\/\/podernacional.com\/index.php?rest_route=%2Fwp%2Fv2%2Fcomments&post=12537"}],"version-history":[{"count":1,"href":"https:\/\/podernacional.com\/index.php?rest_route=\/wp\/v2\/posts\/12537\/revisions"}],"predecessor-version":[{"id":12538,"href":"https:\/\/podernacional.com\/index.php?rest_route=\/wp\/v2\/posts\/12537\/revisions\/12538"}],"wp:featuredmedia":[{"embeddable":true,"href":"https:\/\/podernacional.com\/index.php?rest_route=\/wp\/v2\/media\/12539"}],"wp:attachment":[{"href":"https:\/\/podernacional.com\/index.php?rest_route=%2Fwp%2Fv2%2Fmedia&parent=12537"}],"wp:term":[{"taxonomy":"category","embeddable":true,"href":"https:\/\/podernacional.com\/index.php?rest_route=%2Fwp%2Fv2%2Fcategories&post=12537"},{"taxonomy":"post_tag","embeddable":true,"href":"https:\/\/podernacional.com\/index.php?rest_route=%2Fwp%2Fv2%2Ftags&post=12537"}],"curies":[{"name":"wp","href":"https:\/\/api.w.org\/{rel}","templated":true}]}}