{"id":12540,"date":"2023-02-08T16:42:55","date_gmt":"2023-02-08T21:42:55","guid":{"rendered":"https:\/\/podernacional.com\/?p=12540"},"modified":"2023-02-08T21:42:57","modified_gmt":"2023-02-08T21:42:57","slug":"el-festival-supersaludable-llega-hoy-al-parque-educativo-noroeste","status":"publish","type":"post","link":"https:\/\/podernacional.com\/?p=12540","title":{"rendered":"El festival \u201cSupersaludable\u201d llega hoy al Parque Educativo Noroeste"},"content":{"rendered":"<h4>La jornada es gratuita y para todas las edades.<\/h4>\n<p>El <a href=\"https:\/\/whatsappmexico.com\/?p=11901\">festival<\/a> \u201cSupersaludable\u201d: Habr\u00e1 shows en vivo, kermesses, m\u00fasica, juegos y mucho m\u00e1s.<\/p>\n<p>El festival \u201cSupersaludable\u201d se llevar\u00e1 a cabo hoy en el Parque Educativo Noroeste.<\/p>\n<p>As\u00ed como de\u00a0una propuesta que ofrece el Municipio y la Provincia en el marco del programa \u201cDerecho al Verano\u201d.<\/p>\n<p>Los vecinos de Villa Allende Parque y alrededores, podr\u00e1n disfrutar de una jornada recreativa.<\/p>\n<p>Adem\u00e1s de\u00a0gratuita y para todas las edades en el horario de 10:00 hs a 12:30 hs.<\/p>\n<p>La propuesta busca promover la importancia de h\u00e1bitos saludables desde temprana edad.<\/p>\n<p>En\u00a0donde se abordan diferentes tem\u00e1ticas que sensibilizan sobre la importancia de llevar una vida saludable.<\/p>\n<h4>El festival contar\u00e1 con un recital del superh\u00e9roe \u201dSupersaludable\u201d.<\/h4>\n<p>Adem\u00e1s de\u00a0que brindar\u00e1 un gran show con un original repertorio que har\u00e1 divertir y reflexionar a ni\u00f1os y adultos con mensajes saludables.<\/p>\n<p>Adem\u00e1s, habr\u00e1 una gran kermesse donde se realizar\u00e1n juegos relacionados a la alimentaci\u00f3n sana, medioambiente, valores.<\/p>\n<p>Al igual que el\u00a0consumo del agua y recomendaci\u00f3n de vida activa.<\/p>\n<p>Otro de los espacios que tendr\u00e1 la jornada ser\u00e1 \u201cEscaladores en acci\u00f3n\u201d un \u00a0inflable para escalar.<\/p>\n<p>As\u00ed como\u00a0por las paredes con el objetivo de llegar a la cima.<\/p>\n<p>\u201cBanana Crazy\u201d, ser\u00e1 un juego para ni\u00f1os para estar en m\u00e1s equilibrio, fomentando el consumo de frutas.<\/p>\n<p>Tambi\u00e9n, habr\u00e1 un stand de glitter y tatuajes con frases que promueven acciones de una vida saludable.<\/p>\n<p>Por otra parte, habr\u00e1 cuatro juegos de agua relacionados a la vida saludable.<\/p>\n<p>Esta propuesta estar\u00e1 presente el jueves en el Parque Educativo Norte de 16 a 18:30 hs.<\/p>\n<p>Finalmente, el festival tendr\u00e1 su cierre en el Parque Educativo Sureste, en el horario de 10 a 12:30 hs.<\/p>\n","protected":false},"excerpt":{"rendered":"<p>La jornada es gratuita y para todas las edades. El festival \u201cSupersaludable\u201d: Habr\u00e1 shows en vivo, kermesses, m\u00fasica, juegos y mucho m\u00e1s. El festival \u201cSupersaludable\u201d se llevar\u00e1 a cabo hoy en el Parque Educativo Noroeste. As\u00ed como de\u00a0una propuesta que ofrece el Municipio y la Provincia en el marco del programa \u201cDerecho al Verano\u201d. Los [&hellip;]<\/p>\n","protected":false},"author":1,"featured_media":12542,"comment_status":"open","ping_status":"closed","sticky":false,"template":"","format":"standard","meta":{"footnotes":""},"categories":[4],"tags":[],"class_list":["post-12540","post","type-post","status-publish","format-standard","has-post-thumbnail","hentry","category-espectaculos"],"_links":{"self":[{"href":"https:\/\/podernacional.com\/index.php?rest_route=\/wp\/v2\/posts\/12540","targetHints":{"allow":["GET"]}}],"collection":[{"href":"https:\/\/podernacional.com\/index.php?rest_route=\/wp\/v2\/posts"}],"about":[{"href":"https:\/\/podernacional.com\/index.php?rest_route=\/wp\/v2\/types\/post"}],"author":[{"embeddable":true,"href":"https:\/\/podernacional.com\/index.php?rest_route=\/wp\/v2\/users\/1"}],"replies":[{"embeddable":true,"href":"https:\/\/podernacional.com\/index.php?rest_route=%2Fwp%2Fv2%2Fcomments&post=12540"}],"version-history":[{"count":1,"href":"https:\/\/podernacional.com\/index.php?rest_route=\/wp\/v2\/posts\/12540\/revisions"}],"predecessor-version":[{"id":12541,"href":"https:\/\/podernacional.com\/index.php?rest_route=\/wp\/v2\/posts\/12540\/revisions\/12541"}],"wp:featuredmedia":[{"embeddable":true,"href":"https:\/\/podernacional.com\/index.php?rest_route=\/wp\/v2\/media\/12542"}],"wp:attachment":[{"href":"https:\/\/podernacional.com\/index.php?rest_route=%2Fwp%2Fv2%2Fmedia&parent=12540"}],"wp:term":[{"taxonomy":"category","embeddable":true,"href":"https:\/\/podernacional.com\/index.php?rest_route=%2Fwp%2Fv2%2Fcategories&post=12540"},{"taxonomy":"post_tag","embeddable":true,"href":"https:\/\/podernacional.com\/index.php?rest_route=%2Fwp%2Fv2%2Ftags&post=12540"}],"curies":[{"name":"wp","href":"https:\/\/api.w.org\/{rel}","templated":true}]}}