{"id":12546,"date":"2023-02-08T17:08:10","date_gmt":"2023-02-08T22:08:10","guid":{"rendered":"https:\/\/podernacional.com\/?p=12546"},"modified":"2023-02-08T22:08:12","modified_gmt":"2023-02-08T22:08:12","slug":"haiti-la-cruz-roja-internacional-llama-a-un-mayor-esfuerzo","status":"publish","type":"post","link":"https:\/\/podernacional.com\/?p=12546","title":{"rendered":"Hait\u00ed: La Cruz Roja Internacional llama a un mayor esfuerzo"},"content":{"rendered":"<h4>Agentes de la Polic\u00eda Nacional de Hait\u00ed disparan gases lacrim\u00f3genos durante una protesta que exige la renuncia del primer ministro de Hait\u00ed.<\/h4>\n<p>Hait\u00ed: Ya que, Ariel Henry, despu\u00e9s de semanas de escasez en Puerto Pr\u00edncipe, Hait\u00ed, el 17 de octubre de 2022.<\/p>\n<p>Agentes de la Polic\u00eda Nacional de Hait\u00ed disparan gases lacrim\u00f3genos durante una protesta que exige la renuncia del primer ministro de Hait\u00ed.<\/p>\n<p>Por ende, Ariel Henry, despu\u00e9s de semanas de escasez en Puerto Pr\u00edncipe, Hait\u00ed, el 17 de octubre de 2022.<\/p>\n<p>El llamado de la Cruz Roja enfatiza en los graves problemas de salud y humanitarios que enfrentan los haitianos en medio de la Violencia.<\/p>\n<p>El jefe de derechos humanos de la ONU anunci\u00f3 para este mi\u00e9rcoles una visita a la isla.<\/p>\n<p>Los continuos ciclos de violencia armada, la deficitaria asistencia de salud.<\/p>\n<p>As\u00ed como de\u00a0la escasez de alimentos han sido se\u00f1alados por el Comit\u00e9 Internacional de la Cruz Roja (CICR).<\/p>\n<p>Al igual que como los flagelos que m\u00e1s azotan a la poblaci\u00f3n haitiana.<\/p>\n<p>\u201cDebemos intensificar nuestros esfuerzos colectivos para responder tanto a la situaci\u00f3n actual de emergencia, como a las necesidades de desarrollo a largo plazo\u201d.<\/p>\n<h4>La cual\u00a0se\u00f1al\u00f3 el martes la organizaci\u00f3n en un comunicado.<\/h4>\n<p>La Cruz Roja informa que al menos 3 millones de haitianos sufren necesidades humanitarias de primer orden.<\/p>\n<p>As\u00ed\u00a0como falta de alimentos y falta de acceso a servicios de salud en medio de la violencia creciente.<\/p>\n<p>Adem\u00e1s de la\u00a0causada por el accionar de las pandillas que controlan el pa\u00eds.<\/p>\n<p>La isla caribe\u00f1a ha experimentado un grave problema de inseguridad desde el magnicidio en julio de 2021 del presidente Jovenel Moise.<\/p>\n<p>El verano del a\u00f1o pasado, tras el anuncio de la cancelaci\u00f3n de los subsidios al precio de los combustibles.<\/p>\n<p>As\u00ed mismo\u00a0estallaron las protestas populares, seguidas de la toma del principal puerto del pa\u00eds por parte de las bandas delincuenciales.<\/p>\n<p>El mi\u00e9rcoles, Volker T\u00fcrk, Alto Comisionado de las Naciones Unidas para los Derechos Humanos.<\/p>\n<p>El cual inform\u00f3 sobre su llegada a Hait\u00ed para una una visita de tres d\u00edas.<\/p>\n<p>Hait\u00ed: La Cruz Roja Internacional llama a un mayor esfuerzo<\/p>\n","protected":false},"excerpt":{"rendered":"<p>Agentes de la Polic\u00eda Nacional de Hait\u00ed disparan gases lacrim\u00f3genos durante una protesta que exige la renuncia del primer ministro de Hait\u00ed. Hait\u00ed: Ya que, Ariel Henry, despu\u00e9s de semanas de escasez en Puerto Pr\u00edncipe, Hait\u00ed, el 17 de octubre de 2022. Agentes de la Polic\u00eda Nacional de Hait\u00ed disparan gases lacrim\u00f3genos durante una protesta [&hellip;]<\/p>\n","protected":false},"author":1,"featured_media":12548,"comment_status":"open","ping_status":"closed","sticky":false,"template":"","format":"standard","meta":{"footnotes":""},"categories":[11],"tags":[],"class_list":["post-12546","post","type-post","status-publish","format-standard","has-post-thumbnail","hentry","category-salud"],"_links":{"self":[{"href":"https:\/\/podernacional.com\/index.php?rest_route=\/wp\/v2\/posts\/12546","targetHints":{"allow":["GET"]}}],"collection":[{"href":"https:\/\/podernacional.com\/index.php?rest_route=\/wp\/v2\/posts"}],"about":[{"href":"https:\/\/podernacional.com\/index.php?rest_route=\/wp\/v2\/types\/post"}],"author":[{"embeddable":true,"href":"https:\/\/podernacional.com\/index.php?rest_route=\/wp\/v2\/users\/1"}],"replies":[{"embeddable":true,"href":"https:\/\/podernacional.com\/index.php?rest_route=%2Fwp%2Fv2%2Fcomments&post=12546"}],"version-history":[{"count":1,"href":"https:\/\/podernacional.com\/index.php?rest_route=\/wp\/v2\/posts\/12546\/revisions"}],"predecessor-version":[{"id":12547,"href":"https:\/\/podernacional.com\/index.php?rest_route=\/wp\/v2\/posts\/12546\/revisions\/12547"}],"wp:featuredmedia":[{"embeddable":true,"href":"https:\/\/podernacional.com\/index.php?rest_route=\/wp\/v2\/media\/12548"}],"wp:attachment":[{"href":"https:\/\/podernacional.com\/index.php?rest_route=%2Fwp%2Fv2%2Fmedia&parent=12546"}],"wp:term":[{"taxonomy":"category","embeddable":true,"href":"https:\/\/podernacional.com\/index.php?rest_route=%2Fwp%2Fv2%2Fcategories&post=12546"},{"taxonomy":"post_tag","embeddable":true,"href":"https:\/\/podernacional.com\/index.php?rest_route=%2Fwp%2Fv2%2Ftags&post=12546"}],"curies":[{"name":"wp","href":"https:\/\/api.w.org\/{rel}","templated":true}]}}