{"id":12549,"date":"2023-02-08T17:12:46","date_gmt":"2023-02-08T22:12:46","guid":{"rendered":"https:\/\/podernacional.com\/?p=12549"},"modified":"2023-02-08T22:12:48","modified_gmt":"2023-02-08T22:12:48","slug":"incendios-en-chile-llega-la-ayuda-internacional-mientras-la-ola-de-calor-hace-estragos","status":"publish","type":"post","link":"https:\/\/podernacional.com\/?p=12549","title":{"rendered":"Incendios en Chile: llega la ayuda internacional mientras la ola de calor hace estragos"},"content":{"rendered":"<h4>Las brigadas de apoyo internacional para combatir los incendios forestales provienen de naciones como M\u00e9xico, Colombia y Espa\u00f1a.<\/h4>\n<p>El fuego ha devastado hasta el momento m\u00e1s de 200.000 hect\u00e1reas de tierra.<\/p>\n<p>Las fuerzas contra incendios combaten actualmente cerca de 84 focos activos intensos de los 311 que se reportan a nivel nacional.<\/p>\n<p>La cifra oficial de fallecidos fue corregida de 26 a 24.<\/p>\n<p>Chile contin\u00faa batallando contra los incendios forestales que han afectado varias zonas del centro y sur de la naci\u00f3n latinoamericana.<\/p>\n<p>As\u00ed mismo como de las altas temperaturas, la sequ\u00eda que vive el pa\u00eds, entre otras causas en proceso de investigaci\u00f3n.<\/p>\n<h4>Las cuales\u00a0han provocado una compleja situaci\u00f3n desde principios de febrero.<\/h4>\n<p>Las autoridades chilenas pidieron ayuda a la comunidad internacional para frenar las llamas y la respuesta fue casi inmediata.<\/p>\n<p>Fuerzas de \u00a0Espa\u00f1a y M\u00e9xico ya se encuentran desplegadas en los territorios perjudicados.<\/p>\n<p>El apoyo se centr\u00f3 fundamentalmente en la regi\u00f3n central de BioB\u00edo, el punto cero de los incendios.<\/p>\n<p>M\u00e9xico envi\u00f3 unos 150 hombres y este mi\u00e9rcoles arrib\u00f3 una cifra similar como refuerzo.<\/p>\n<p>En la v\u00edspera, la embajadora mexicana en Chile, Alicia B\u00e1rcenas, intercambi\u00f3 con el primer grupo de brigadistas.<\/p>\n<p>Adem\u00e1s de que\u00a0brind\u00f3 detalles de la labor de sus coterr\u00e1neos.<\/p>\n<p>B\u00e1rcenas resalt\u00f3 que se ocupar\u00e1n de los sitios de dif\u00edcil acceso \u201cdonde no llega el helic\u00f3ptero, los aviones\u201d.<\/p>\n","protected":false},"excerpt":{"rendered":"<p>Las brigadas de apoyo internacional para combatir los incendios forestales provienen de naciones como M\u00e9xico, Colombia y Espa\u00f1a. El fuego ha devastado hasta el momento m\u00e1s de 200.000 hect\u00e1reas de tierra. Las fuerzas contra incendios combaten actualmente cerca de 84 focos activos intensos de los 311 que se reportan a nivel nacional. La cifra oficial [&hellip;]<\/p>\n","protected":false},"author":1,"featured_media":12551,"comment_status":"open","ping_status":"closed","sticky":false,"template":"","format":"standard","meta":{"footnotes":""},"categories":[9],"tags":[],"class_list":["post-12549","post","type-post","status-publish","format-standard","has-post-thumbnail","hentry","category-politica"],"_links":{"self":[{"href":"https:\/\/podernacional.com\/index.php?rest_route=\/wp\/v2\/posts\/12549","targetHints":{"allow":["GET"]}}],"collection":[{"href":"https:\/\/podernacional.com\/index.php?rest_route=\/wp\/v2\/posts"}],"about":[{"href":"https:\/\/podernacional.com\/index.php?rest_route=\/wp\/v2\/types\/post"}],"author":[{"embeddable":true,"href":"https:\/\/podernacional.com\/index.php?rest_route=\/wp\/v2\/users\/1"}],"replies":[{"embeddable":true,"href":"https:\/\/podernacional.com\/index.php?rest_route=%2Fwp%2Fv2%2Fcomments&post=12549"}],"version-history":[{"count":1,"href":"https:\/\/podernacional.com\/index.php?rest_route=\/wp\/v2\/posts\/12549\/revisions"}],"predecessor-version":[{"id":12550,"href":"https:\/\/podernacional.com\/index.php?rest_route=\/wp\/v2\/posts\/12549\/revisions\/12550"}],"wp:featuredmedia":[{"embeddable":true,"href":"https:\/\/podernacional.com\/index.php?rest_route=\/wp\/v2\/media\/12551"}],"wp:attachment":[{"href":"https:\/\/podernacional.com\/index.php?rest_route=%2Fwp%2Fv2%2Fmedia&parent=12549"}],"wp:term":[{"taxonomy":"category","embeddable":true,"href":"https:\/\/podernacional.com\/index.php?rest_route=%2Fwp%2Fv2%2Fcategories&post=12549"},{"taxonomy":"post_tag","embeddable":true,"href":"https:\/\/podernacional.com\/index.php?rest_route=%2Fwp%2Fv2%2Ftags&post=12549"}],"curies":[{"name":"wp","href":"https:\/\/api.w.org\/{rel}","templated":true}]}}