{"id":12552,"date":"2023-02-08T17:15:48","date_gmt":"2023-02-08T22:15:48","guid":{"rendered":"https:\/\/podernacional.com\/?p=12552"},"modified":"2023-02-08T22:15:52","modified_gmt":"2023-02-08T22:15:52","slug":"sismo-de-5-9-con-epicentro-en-honduras-asusta-a-quintana-roo","status":"publish","type":"post","link":"https:\/\/podernacional.com\/?p=12552","title":{"rendered":"Sismo de 5.9 con epicentro en Honduras \u2018asusta\u2019 a Quintana Roo"},"content":{"rendered":"<h4>El sismo, con epicentro en el Caribe de Honduras, se sinti\u00f3 en Guatemala, Belice, M\u00e9xico y Nicaragua.<\/h4>\n<p>Sismo de 5.9: Un sismo de magnitud 5.9 sacudi\u00f3 hoy mi\u00e9rcoles 8 de febrero el norte de las Islas de la Bah\u00eda.<\/p>\n<p>Esto en el golfo de Honduras. Por el momento, no se reportan da\u00f1os ni victimas mortales.<\/p>\n<p>Quintana Roo, 8 de febrero-. Un sismo de magnitud de 5.9 -cuyo epicentro se origin\u00f3 en Honduras-.<\/p>\n<p>El cual provoc\u00f3 que en algunos municipios de Quintana Roo y en la capital del estado, Chetumal, se lograra percibir tenuemente el movimiento tel\u00farico.<\/p>\n<p>Esta situaci\u00f3n ocasion\u00f3 que personal de diversas dependencias de gobierno en Chetumal fueran evacuadas de sus oficinas.<\/p>\n<p>Esto\u00a0tras activarse los protocolos de seguridad, a fin de evitar que el posible da\u00f1o estructural de alg\u00fan edificio generar\u00e1 lesiones.<\/p>\n<p>El suceso, que se registr\u00f3 alrededor de las 9:16 de la ma\u00f1ana, caus\u00f3 asombro y temor en los habitantes de la zona.<\/p>\n<h4>Sin embargo, Protecci\u00f3n Civil del estado confirm\u00f3 que, hasta el momento, no hay ninguna afectaci\u00f3n o da\u00f1os.<\/h4>\n<p>Lo cual\u00a0pidi\u00f3 que el personal de las dependencias no entrar\u00e1 a las oficinas hasta que hayan sido inspeccionadas.<\/p>\n<p>A trav\u00e9s de las redes sociales, internautas tambi\u00e9n hicieron comentarios sobre haber percibido un movimiento leve en municipios como:<\/p>\n<p>Bacalar, Felipe Carrillo Puerto, Tulum e incluso Canc\u00fan.<\/p>\n<p>A diferencia de la zona sur, en municipios de la zona norte.<\/p>\n<p>As\u00ed\u00a0como Canc\u00fan y Playa del Carmen no se tuvo la necesidad de realizar evacuaciones de edificios, ya que pr\u00e1cticamente el movimiento pas\u00f3 inadvertido.<\/p>\n<p>Terremoto en Turqu\u00eda y Siria: M\u00e1s de 11 mil muertos apagan la esperanza<\/p>\n<p>Rescatistas turcos y de m\u00e1s de 20 pa\u00edses del mundo trabajaron durante toda la noche en Turqu\u00eda y Siria en busca de se\u00f1ales de vida.<\/p>\n<p>Esto\u00a0entre los restos de los miles de edificios que colapsaron tras el catastr\u00f3fico terremoto de 7.8 grados que devast\u00f3 ciudades en ambos pa\u00edses.<\/p>\n<h4>\u00a0La cifra de personas fallecidas super\u00f3 el mi\u00e9rcoles las 11 mil personas, lo que lo convierte en el m\u00e1s letal en m\u00e1s de una d\u00e9cada.<\/h4>\n<p>En la ciudad turca de Malatya, los cad\u00e1veres yac\u00edan unos junto a otros sobre el piso, cubiertos con mantas.<\/p>\n<p>As\u00ed como\u00a0mientras los rescatistas esperaban a que los veh\u00edculos funerarios los recogiesen.<\/p>\n<p>\u201cHoy no es un d\u00eda agradable, porque a partir de hoy no queda ninguna esperanza en Malatya\u201d.<\/p>\n<p>El cual\u00a0afirm\u00f3 Ozel Pikal, un exreportero que participaba en las tareas de rescate.<\/p>\n","protected":false},"excerpt":{"rendered":"<p>El sismo, con epicentro en el Caribe de Honduras, se sinti\u00f3 en Guatemala, Belice, M\u00e9xico y Nicaragua. Sismo de 5.9: Un sismo de magnitud 5.9 sacudi\u00f3 hoy mi\u00e9rcoles 8 de febrero el norte de las Islas de la Bah\u00eda. Esto en el golfo de Honduras. Por el momento, no se reportan da\u00f1os ni victimas mortales. [&hellip;]<\/p>\n","protected":false},"author":1,"featured_media":12554,"comment_status":"open","ping_status":"closed","sticky":false,"template":"","format":"standard","meta":{"footnotes":""},"categories":[10],"tags":[],"class_list":["post-12552","post","type-post","status-publish","format-standard","has-post-thumbnail","hentry","category-quintana-roo"],"_links":{"self":[{"href":"https:\/\/podernacional.com\/index.php?rest_route=\/wp\/v2\/posts\/12552","targetHints":{"allow":["GET"]}}],"collection":[{"href":"https:\/\/podernacional.com\/index.php?rest_route=\/wp\/v2\/posts"}],"about":[{"href":"https:\/\/podernacional.com\/index.php?rest_route=\/wp\/v2\/types\/post"}],"author":[{"embeddable":true,"href":"https:\/\/podernacional.com\/index.php?rest_route=\/wp\/v2\/users\/1"}],"replies":[{"embeddable":true,"href":"https:\/\/podernacional.com\/index.php?rest_route=%2Fwp%2Fv2%2Fcomments&post=12552"}],"version-history":[{"count":1,"href":"https:\/\/podernacional.com\/index.php?rest_route=\/wp\/v2\/posts\/12552\/revisions"}],"predecessor-version":[{"id":12553,"href":"https:\/\/podernacional.com\/index.php?rest_route=\/wp\/v2\/posts\/12552\/revisions\/12553"}],"wp:featuredmedia":[{"embeddable":true,"href":"https:\/\/podernacional.com\/index.php?rest_route=\/wp\/v2\/media\/12554"}],"wp:attachment":[{"href":"https:\/\/podernacional.com\/index.php?rest_route=%2Fwp%2Fv2%2Fmedia&parent=12552"}],"wp:term":[{"taxonomy":"category","embeddable":true,"href":"https:\/\/podernacional.com\/index.php?rest_route=%2Fwp%2Fv2%2Fcategories&post=12552"},{"taxonomy":"post_tag","embeddable":true,"href":"https:\/\/podernacional.com\/index.php?rest_route=%2Fwp%2Fv2%2Ftags&post=12552"}],"curies":[{"name":"wp","href":"https:\/\/api.w.org\/{rel}","templated":true}]}}