{"id":12579,"date":"2023-02-09T16:33:07","date_gmt":"2023-02-09T21:33:07","guid":{"rendered":"https:\/\/podernacional.com\/?p=12579"},"modified":"2023-02-09T21:33:09","modified_gmt":"2023-02-09T21:33:09","slug":"habra-actividades-en-el-festival-aquelarre-en-varios-centros-culturales","status":"publish","type":"post","link":"https:\/\/podernacional.com\/?p=12579","title":{"rendered":"Habr\u00e1 actividades en el Festival Aquelarre, en varios centros culturales"},"content":{"rendered":"<h4>Este evento tiene como finalidad generar un punto de encuentro y de acci\u00f3n bajo una perspectiva de g\u00e9nero<\/h4>\n<p>Festival Aquelarre en Morelia, Michoac\u00e1n (OEM Infomex).- La Secretar\u00eda de Cultura de Michoac\u00e1n (Secum) invita a los conciertos que se realizar\u00e1 en el Festival Aquelarre.<\/p>\n<p>El\u00a0cual se llevar\u00e1 a cabo en el Centro Mexicano para la M\u00fasica y las Artes Sonoras (CMMAS).<\/p>\n<p>Adem\u00e1s de la\u00a0Casa San Agust\u00edn y Centro Cultural UNAM Morelia, del 15 al 17 de febrero.<\/p>\n<p>Este evento tiene como finalidad generar un punto de encuentro y de acci\u00f3n bajo una perspectiva de g\u00e9nero.<\/p>\n<p>As\u00ed como\u00a0para compartir la creaci\u00f3n y el cuestionamiento al retomar el aquelarre de las brujas como elemento identitario.<\/p>\n<p>Las personas participantes buscan que se reconozcan sus trabajos y obras, procurando que su furg\u00f3n no sea para ser quemadas vivas.<\/p>\n<p>Adem\u00e1s de que\u00a0sino convertirse en la llama de su anatom\u00eda.<\/p>\n<p>Este proyecto surge de la Universidad Nacional Aut\u00f3noma de M\u00e9xico (UNAM), por una agrupaci\u00f3n de mujeres y g\u00e9nero-disidencias en la m\u00fasica.<\/p>\n<p>Al igual que\u00a0la tecnolog\u00eda, con el fin de tener una red de apoyo y la difusi\u00f3n de las mismas.<\/p>\n<h4>Tambi\u00e9n tienen colaboraci\u00f3n con personas de la ENES UNAM, pertenecientes a las carreras de Tecnolog\u00edas.<\/h4>\n<p>As\u00ed como\u00a0para la Informaci\u00f3n en las Ciencias, Artes y Dise\u00f1o; Literatura Intercultural y Ciencias Ambientales; de la Facultad Popular de Bellas Artes y de la Facultad de M\u00fasica de la UNAM.<\/p>\n<p>Estas son las actividades que habr\u00e1 en cada d\u00eda:<\/p>\n<p>15, 16 y 17 de Febrero<\/p>\n<p>10:00 a 12:00hrs UNAM Centro Cultural Morelia- Conferencias y mesas de di\u00e1logo<\/p>\n<p>16 y 17 de Febrero<\/p>\n<p>17:00 a 18:00hrs CMMAS- Conciertos<\/p>\n<p>16 de Febrero<\/p>\n<p>19:00 a 22:00hrs Casa San Agus &#8211; Jam, instalaciones art\u00edsticas y convivencia<\/p>\n<p>El CMMAS se ubica en la planta alta de la Casa de la Cultura de Morelia, en Morelos Norte #485, Centro Hist\u00f3rico.<\/p>\n<p>Adem\u00e1s de que comenzar\u00e1 a las 17:00 horas, con entrada gratuita, mientras que el Centro Cultural UNAM.<\/p>\n<p>El cual se encuentra a un costado de la Calzada San Diego, en Av. Acueducto #19, Centro Hist\u00f3rico.<\/p>\n","protected":false},"excerpt":{"rendered":"<p>Este evento tiene como finalidad generar un punto de encuentro y de acci\u00f3n bajo una perspectiva de g\u00e9nero Festival Aquelarre en Morelia, Michoac\u00e1n (OEM Infomex).- La Secretar\u00eda de Cultura de Michoac\u00e1n (Secum) invita a los conciertos que se realizar\u00e1 en el Festival Aquelarre. El\u00a0cual se llevar\u00e1 a cabo en el Centro Mexicano para la M\u00fasica [&hellip;]<\/p>\n","protected":false},"author":1,"featured_media":12581,"comment_status":"open","ping_status":"closed","sticky":false,"template":"","format":"standard","meta":{"footnotes":""},"categories":[4],"tags":[],"class_list":["post-12579","post","type-post","status-publish","format-standard","has-post-thumbnail","hentry","category-espectaculos"],"_links":{"self":[{"href":"https:\/\/podernacional.com\/index.php?rest_route=\/wp\/v2\/posts\/12579","targetHints":{"allow":["GET"]}}],"collection":[{"href":"https:\/\/podernacional.com\/index.php?rest_route=\/wp\/v2\/posts"}],"about":[{"href":"https:\/\/podernacional.com\/index.php?rest_route=\/wp\/v2\/types\/post"}],"author":[{"embeddable":true,"href":"https:\/\/podernacional.com\/index.php?rest_route=\/wp\/v2\/users\/1"}],"replies":[{"embeddable":true,"href":"https:\/\/podernacional.com\/index.php?rest_route=%2Fwp%2Fv2%2Fcomments&post=12579"}],"version-history":[{"count":1,"href":"https:\/\/podernacional.com\/index.php?rest_route=\/wp\/v2\/posts\/12579\/revisions"}],"predecessor-version":[{"id":12580,"href":"https:\/\/podernacional.com\/index.php?rest_route=\/wp\/v2\/posts\/12579\/revisions\/12580"}],"wp:featuredmedia":[{"embeddable":true,"href":"https:\/\/podernacional.com\/index.php?rest_route=\/wp\/v2\/media\/12581"}],"wp:attachment":[{"href":"https:\/\/podernacional.com\/index.php?rest_route=%2Fwp%2Fv2%2Fmedia&parent=12579"}],"wp:term":[{"taxonomy":"category","embeddable":true,"href":"https:\/\/podernacional.com\/index.php?rest_route=%2Fwp%2Fv2%2Fcategories&post=12579"},{"taxonomy":"post_tag","embeddable":true,"href":"https:\/\/podernacional.com\/index.php?rest_route=%2Fwp%2Fv2%2Ftags&post=12579"}],"curies":[{"name":"wp","href":"https:\/\/api.w.org\/{rel}","templated":true}]}}