{"id":12585,"date":"2023-02-09T16:40:41","date_gmt":"2023-02-09T21:40:41","guid":{"rendered":"https:\/\/podernacional.com\/?p=12585"},"modified":"2023-02-09T21:40:42","modified_gmt":"2023-02-09T21:40:42","slug":"acude-guanajuato-como-estado-invitado-a-feria-internacional-del-libro-del-palacio-de-mineria","status":"publish","type":"post","link":"https:\/\/podernacional.com\/?p=12585","title":{"rendered":"Acude Guanajuato como estado invitado a Feria Internacional del Libro del Palacio de Miner\u00eda"},"content":{"rendered":"<h4>A trav\u00e9s de un programa editorial con 70 actividades, Guanajuato mostrar\u00e1 su riqueza cultural en la edici\u00f3n 44.<\/h4>\n<p>Guanajuato como estado invitado: Esto de la Feria Internacional del Libro del Palacio de Miner\u00eda, a la que por segunda ocasi\u00f3n acude como estado invitado.<\/p>\n<p>Guanajuato, que ya fue estado invitado en 2012 y recientemente tuvo esa misma distinci\u00f3n en la Feria Internacional del Libro de Coahuila.<\/p>\n<p>Adem\u00e1s de que\u00a0acompa\u00f1ar\u00e1 el regreso a la presencialidad de la FIL de Miner\u00eda, que despu\u00e9s de dos ediciones virtuales debido a la pandemia.<\/p>\n<p>El cual\u00a0recibir\u00e1 de nuevo a los visitantes en su emblem\u00e1tica sede del Centro Hist\u00f3rico capitalino del 23 de febrero al 6 de marzo.<\/p>\n<p>La presencia de Guanajuato es coordinada por el Instituto Estatal de la Cultura y se traduce en un pabell\u00f3n.<\/p>\n<p>Donde pondr\u00e1 a disposici\u00f3n del p\u00fablico su diversidad editorial, con t\u00edtulos publicados por m\u00e1s de 12 instituciones p\u00fablicas y universidades.<\/p>\n<p>Adem\u00e1s de 16 sellos agrupados en el Fondo Editorial Guanajuato, iniciativa de promoci\u00f3n del quehacer de las editoriales independientes.<\/p>\n<p>Esto\u00a0de la entidad que reci\u00e9n ha cumplido 10 a\u00f1os.<\/p>\n<h4>Durante la rueda de prensa en la que se anunci\u00f3 la programaci\u00f3n de la feria, Adriana Camarena de Obeso, directora general del IEC, se\u00f1al\u00f3:<\/h4>\n<p>\u201cCon su participaci\u00f3n en la FIL de Miner\u00eda, Guanajuato quiere mostrar, a trav\u00e9s de su quehacer editorial\u201d.<\/p>\n<p>\u201cAs\u00ed como que\u00a0no s\u00f3lo su patrimonio art\u00edstico y cultural, sino tambi\u00e9n su riqueza natural e hist\u00f3rica, su vocaci\u00f3n innovadora y su pujanza econ\u00f3mica\u201d.<\/p>\n<p>Fernando Macotela, director general del evento, se congratul\u00f3 por la participaci\u00f3n de Guanajuato, cuya programaci\u00f3n calific\u00f3 de \u201cimpresionante\u201d.<\/p>\n<p>Adem\u00e1s de que\u00a0agradeci\u00f3 la pronta respuesta de la entidad para aceptar la invitaci\u00f3n.<\/p>\n<p>\u201cYo quiero agradecer a la directora (del Instituto) y a su eficient\u00edsimo equipo, que en un tiempo r\u00e9cord prepararon su participaci\u00f3n\u201d.<\/p>\n<p>\u201cAs\u00ed como\u00a0por la incertidumbre de si podr\u00edamos hacer la feria\u201d, coment\u00f3 Macotela.<\/p>\n<p>La programaci\u00f3n literaria y art\u00edstica propuesta por el estado bajo el t\u00edtulo \u201cGuanajuato: escrito con grandeza\u201d.<\/p>\n<h4>El cual\u00a0comprende un total de 70 actividades, divididas en 60 presentaciones editoriales, seis mesas y charlas y cuatro conciertos.<\/h4>\n<p>En esta agenda se compartir\u00e1n m\u00e1s de 70 t\u00edtulos y colecciones, con la participaci\u00f3n de m\u00e1s de 150 autores y presentadores.<\/p>\n<p>Entre las personalidades convocadas por el estado invitado se cuentan: Paloma Jim\u00e9nez Galvez, Juan Villoro, Christian Duverger.<\/p>\n<p>Adem\u00e1s de\u00a0Christopher Dom\u00ednguez Michael, Jos\u00e9 N. Iturriaga, Bernardo Fern\u00e1ndez (BEF), Jos\u00e9 Mar\u00eda Espinasa, Adolfo Casta\u00f1\u00f3n.<\/p>\n<p>As\u00ed como del poeta cubano Jos\u00e9 Kozer, quien ha publicado con Ediciones La Rana, sello editorial del IEC, su m\u00e1s reciente libro.<\/p>\n<p>Acudir\u00e1n tambi\u00e9n ganadores en diversas ediciones de los Premios Nacionales de Literatura convocados por Guanajuato, como:<\/p>\n<p>Mauricio Carrera (Premio de Novela Jorge Ibarg\u00fcengoitia 2002 y Efr\u00e9n Hern\u00e1ndez de Cuento 2007), Imanol Caneyada.<\/p>\n<p>Adem\u00e1s de\u00a0Luis Felipe P\u00e9rez (Premios de Cuento Efr\u00e9n Hern\u00e1ndez 2007 y 2012).<\/p>\n<p>Baudelio Camarillo e Ib\u00e1n de Le\u00f3n (Premios de Poes\u00eda Efra\u00edn Huerta 2004 y 2022, respectivamente).<\/p>\n<p>&nbsp;<\/p>\n","protected":false},"excerpt":{"rendered":"<p>A trav\u00e9s de un programa editorial con 70 actividades, Guanajuato mostrar\u00e1 su riqueza cultural en la edici\u00f3n 44. Guanajuato como estado invitado: Esto de la Feria Internacional del Libro del Palacio de Miner\u00eda, a la que por segunda ocasi\u00f3n acude como estado invitado. Guanajuato, que ya fue estado invitado en 2012 y recientemente tuvo esa [&hellip;]<\/p>\n","protected":false},"author":1,"featured_media":12587,"comment_status":"open","ping_status":"closed","sticky":false,"template":"","format":"standard","meta":{"footnotes":""},"categories":[5],"tags":[],"class_list":["post-12585","post","type-post","status-publish","format-standard","has-post-thumbnail","hentry","category-internacional"],"_links":{"self":[{"href":"https:\/\/podernacional.com\/index.php?rest_route=\/wp\/v2\/posts\/12585","targetHints":{"allow":["GET"]}}],"collection":[{"href":"https:\/\/podernacional.com\/index.php?rest_route=\/wp\/v2\/posts"}],"about":[{"href":"https:\/\/podernacional.com\/index.php?rest_route=\/wp\/v2\/types\/post"}],"author":[{"embeddable":true,"href":"https:\/\/podernacional.com\/index.php?rest_route=\/wp\/v2\/users\/1"}],"replies":[{"embeddable":true,"href":"https:\/\/podernacional.com\/index.php?rest_route=%2Fwp%2Fv2%2Fcomments&post=12585"}],"version-history":[{"count":1,"href":"https:\/\/podernacional.com\/index.php?rest_route=\/wp\/v2\/posts\/12585\/revisions"}],"predecessor-version":[{"id":12586,"href":"https:\/\/podernacional.com\/index.php?rest_route=\/wp\/v2\/posts\/12585\/revisions\/12586"}],"wp:featuredmedia":[{"embeddable":true,"href":"https:\/\/podernacional.com\/index.php?rest_route=\/wp\/v2\/media\/12587"}],"wp:attachment":[{"href":"https:\/\/podernacional.com\/index.php?rest_route=%2Fwp%2Fv2%2Fmedia&parent=12585"}],"wp:term":[{"taxonomy":"category","embeddable":true,"href":"https:\/\/podernacional.com\/index.php?rest_route=%2Fwp%2Fv2%2Fcategories&post=12585"},{"taxonomy":"post_tag","embeddable":true,"href":"https:\/\/podernacional.com\/index.php?rest_route=%2Fwp%2Fv2%2Ftags&post=12585"}],"curies":[{"name":"wp","href":"https:\/\/api.w.org\/{rel}","templated":true}]}}