{"id":12588,"date":"2023-02-09T16:44:05","date_gmt":"2023-02-09T21:44:05","guid":{"rendered":"https:\/\/podernacional.com\/?p=12588"},"modified":"2023-02-09T21:44:06","modified_gmt":"2023-02-09T21:44:06","slug":"oficializa-ine-la-redistritacion-electoral-de-quintana-roo","status":"publish","type":"post","link":"https:\/\/podernacional.com\/?p=12588","title":{"rendered":"Oficializa INE la redistritaci\u00f3n electoral de Quintana Roo"},"content":{"rendered":"<h4>El Instituto Nacional Electoral (INE) public\u00f3 hoy el acuerdo por el que se aprueba la demarcaci\u00f3n territorial.<\/h4>\n<p>Oficializa INE la redistritaci\u00f3n: Esto de los distritos electorales uninominales locales en que se divide Quintana Roo y sus respectivas cabeceras distritales, a propuesta de la Junta General Ejecutiva.<\/p>\n<p>De acuerdo al INE, el Foro Estatal de Distritaci\u00f3n Local, fue realizado por el Instituto Electoral de Quintana Roo (Ieqroo) el 17 de mayo de 2022.<\/p>\n<p>As\u00ed como del 13 de junio de 2022, la DERFE (Direcci\u00f3n Ejecutiva del Registro Federal de Electores) realiz\u00f3 la compilaci\u00f3n del sistema.<\/p>\n<p>As\u00ed como la generaci\u00f3n y entrega del primer escenario de distritaci\u00f3n local de Quintana Roo a la CLV (Comisi\u00f3n Local de Vigilancia).<\/p>\n<p>Adem\u00e1s de la CNV (comisi\u00f3n Nacional de Vigilancia) y al OPL (Organismo P\u00fablico Local).<\/p>\n<p>Desde entonces, fueron presentados tres escenarios para la nueva Distritaci\u00f3n, pero no fue sino hasta el 12 de diciembre de 2022.<\/p>\n<p>Por ende, cuando \u201cla JGE (Junta General Electoral) aprob\u00f3 someter a consideraci\u00f3n de este Consejo General, mediante Acuerdo INE\/JGE267\/2022.<\/p>\n<h4>As\u00ed como\u00a0la demarcaci\u00f3n territorial de los distritos electorales uninominales locales en que se divide el estado de Quintana Roo y sus respectivas cabeceras distritales\u201d.<\/h4>\n<p>El INE especifica que la redistritaci\u00f3n de Quintana Roo es para poder otorgarle un distrito electoral a los ind\u00edgenas y los afrodescendientes.<\/p>\n<p>El cual\u00a0habitan en el estado, quienes suman un aproximado de 250 mil personas.<\/p>\n<p>Esto principalmente concentrados en municipio de Felipe Carrillo Puerto, Jos\u00e9 Mar\u00eda Morelos y L\u00e1zaro C\u00e1rdenas, los primeros dos conforman el Distrito 13, ahora llamado ind\u00edgena.<\/p>\n<p>\u201cEste Consejo General considera que el proyecto de la demarcaci\u00f3n territorial de los distritos electorales uninominales locales\u201d<\/p>\n<p>En que se divide el estado de Quintana Roo y sus respectivas cabeceras distritales, propuesto por la JGE, se apega a la normatividad.<\/p>\n<p>Esto\u00a0en materia de protecci\u00f3n de derechos de los pueblos y las comunidades ind\u00edgenas y afromexicana.<\/p>\n<p>Pero sin perder de vista que el principal objetivo de la distritaci\u00f3n es buscar el equilibrio poblacional en todos los distritos.\u201d, concluye el documento.<\/p>\n<p>Oficializa INE la redistritaci\u00f3n electoral de Quintana Roo<\/p>\n","protected":false},"excerpt":{"rendered":"<p>El Instituto Nacional Electoral (INE) public\u00f3 hoy el acuerdo por el que se aprueba la demarcaci\u00f3n territorial. Oficializa INE la redistritaci\u00f3n: Esto de los distritos electorales uninominales locales en que se divide Quintana Roo y sus respectivas cabeceras distritales, a propuesta de la Junta General Ejecutiva. De acuerdo al INE, el Foro Estatal de Distritaci\u00f3n [&hellip;]<\/p>\n","protected":false},"author":1,"featured_media":12590,"comment_status":"open","ping_status":"closed","sticky":false,"template":"","format":"standard","meta":{"footnotes":""},"categories":[9],"tags":[],"class_list":["post-12588","post","type-post","status-publish","format-standard","has-post-thumbnail","hentry","category-politica"],"_links":{"self":[{"href":"https:\/\/podernacional.com\/index.php?rest_route=\/wp\/v2\/posts\/12588","targetHints":{"allow":["GET"]}}],"collection":[{"href":"https:\/\/podernacional.com\/index.php?rest_route=\/wp\/v2\/posts"}],"about":[{"href":"https:\/\/podernacional.com\/index.php?rest_route=\/wp\/v2\/types\/post"}],"author":[{"embeddable":true,"href":"https:\/\/podernacional.com\/index.php?rest_route=\/wp\/v2\/users\/1"}],"replies":[{"embeddable":true,"href":"https:\/\/podernacional.com\/index.php?rest_route=%2Fwp%2Fv2%2Fcomments&post=12588"}],"version-history":[{"count":1,"href":"https:\/\/podernacional.com\/index.php?rest_route=\/wp\/v2\/posts\/12588\/revisions"}],"predecessor-version":[{"id":12589,"href":"https:\/\/podernacional.com\/index.php?rest_route=\/wp\/v2\/posts\/12588\/revisions\/12589"}],"wp:featuredmedia":[{"embeddable":true,"href":"https:\/\/podernacional.com\/index.php?rest_route=\/wp\/v2\/media\/12590"}],"wp:attachment":[{"href":"https:\/\/podernacional.com\/index.php?rest_route=%2Fwp%2Fv2%2Fmedia&parent=12588"}],"wp:term":[{"taxonomy":"category","embeddable":true,"href":"https:\/\/podernacional.com\/index.php?rest_route=%2Fwp%2Fv2%2Fcategories&post=12588"},{"taxonomy":"post_tag","embeddable":true,"href":"https:\/\/podernacional.com\/index.php?rest_route=%2Fwp%2Fv2%2Ftags&post=12588"}],"curies":[{"name":"wp","href":"https:\/\/api.w.org\/{rel}","templated":true}]}}