{"id":12594,"date":"2023-02-10T17:18:29","date_gmt":"2023-02-10T22:18:29","guid":{"rendered":"https:\/\/podernacional.com\/?p=12594"},"modified":"2023-02-10T22:18:30","modified_gmt":"2023-02-10T22:18:30","slug":"presenta-sefeco-1er-festival-del-amor-y-la-amistad-de-morelia","status":"publish","type":"post","link":"https:\/\/podernacional.com\/?p=12594","title":{"rendered":"Presenta SEFECO 1er Festival del Amor y la Amistad de Morelia"},"content":{"rendered":"<h4>Este festival se realizar\u00e1 del 10 de febrero al 5 de marzo frente a Gayosso.<\/h4>\n<p>Festival del Amor y la Amistad de Morelia: Se estima una derrama econ\u00f3mica de 2 millones de pesos y una afluencia diaria de 2 mil personas.<\/p>\n<p>Se generar\u00e1n 400 empleos indirectos y se beneficiar\u00e1n 50 familias morelianas.<\/p>\n<p>Morelia, Michoac\u00e1n; 09 de febrero del 2023.- Coadyuvar en la recuperaci\u00f3n econ\u00f3mica del municipi.<\/p>\n<p>As\u00ed como de sus diversos sectores es el objetivo con el cual, del 10 de febrero al 5 de marzo.<\/p>\n<p>El cual, se llevar\u00e1 a cabo el 1er Festival del Amor y la Amistad en el que se instalar\u00e1n juegos mec\u00e1nicos y de destreza.<\/p>\n<p>As\u00ed lo anunci\u00f3 en rueda de prensa, la secretaria de Fomento Econ\u00f3mico, Guadalupe Herrera Calder\u00f3n.<\/p>\n<p>Invierte Gobierno Municipal m\u00e1s de 6 mdp en rehabilitaci\u00f3n del Mercado Independencia.<\/p>\n<p>Acompa\u00f1ada de los directores de Emprendimiento e Innovaci\u00f3n, Ricardo Ortiz Montes de Oca, de Gesti\u00f3n, Asesor\u00eda y Atracci\u00f3n de Inversi\u00f3n.<\/p>\n<p>As\u00ed como de\u00a0Adalberto Sanhua Fern\u00e1ndez, as\u00ed como el representante de Atracciones S\u00e1nchez, Juan Pablo S\u00e1nchez.<\/p>\n<h4>Adem\u00e1s de\u00a0la titular de la pol\u00edtica econ\u00f3mica detall\u00f3 que la primer edici\u00f3n de esta feria se instalar\u00e1 frente a Gayosso.<\/h4>\n<p>El cual contar\u00e1 con un horario de atenci\u00f3n de 4:00 a 11:00 p. m., ofreciendo a las familias morelianas un momento de sana convivencia.<\/p>\n<p>As\u00ed como de\u00a0diversi\u00f3n, por lo cual se espera una asistencia diaria aproximada a las 2 mil personas,\u00a0una derrama de 2 millones de pesos.<\/p>\n<p>Asimismo expres\u00f3 que durante la estancia de estas atracciones se ver\u00e1n beneficiadas 50 familias.<\/p>\n<p>Las cuales\u00a0ser\u00e1n las encargadas de atener los pabellones comerciales, generando as\u00ed 400 empleos indirectos, abonando a la econom\u00eda de la ciudadan\u00eda.<\/p>\n<p>Zoilo Ramos Rodr\u00edguez, organizador de esta actividad, detall\u00f3 que habr\u00e1 juegos desde los 15 hasta los 75 pesos.<\/p>\n<p>As\u00ed como de\u00a0250 espacios de estacionamiento con una cuota de recuperaci\u00f3n.<\/p>\n<p>As\u00ed como seguridad y limpieza en las instalaciones y un \u00e1rea gastron\u00f3mica, por lo que ser\u00e1 un escaparate sin igual para las y los morelianos.<\/p>\n<h4>En este sentido, la Maestra Cocinera, Elvira Mill\u00e1n comparti\u00f3 que se integrar\u00e1n 5 cocineras ofertando antojitos mexicanos como:<\/h4>\n<p>Aporreadillo, mole, corundas, huauzontle, churipo, pozole, tacos, birria, por mencionar algunos, con precios desde los 30 hasta los 70 pesos.<\/p>\n<p>El cual est\u00e1\u00a0haci\u00e9ndolos accesibles al bolsillo de los asistentes.<\/p>\n<p>En su participaci\u00f3n, el director de Mercados y Plazas P\u00fablicas, Marco Antonio Garibay, aplaudi\u00f3 el impulso de este tipo de acciones.<\/p>\n<p>Adem\u00e1s de que\u00a0reconoci\u00f3 la colaboraci\u00f3n de las y los organizadores, quienes se unieron en tiempo.<\/p>\n<p>As\u00ed como para\u00a0forma para instalar juegos mec\u00e1nicos y de destreza con los permisos necesarios para su funcionamiento.<\/p>\n<p>Cabe destacar que el 14 de febrero la pareja que se comprometa dentro de la feria.<\/p>\n<p>El cual\u00a0recibir\u00e1n un pase todo incluido para las atracciones as\u00ed como un regalo sorpresa para los comprometidos.<\/p>\n<p>Esto a modo de agradecimiento por parte del comit\u00e9 organizador integrado por Atracciones S\u00e1nchez, comerciantes y empresarios.<\/p>\n<p>Presenta SEFECO 1er Festival del Amor y la Amistad de Morelia<\/p>\n","protected":false},"excerpt":{"rendered":"<p>Este festival se realizar\u00e1 del 10 de febrero al 5 de marzo frente a Gayosso. Festival del Amor y la Amistad de Morelia: Se estima una derrama econ\u00f3mica de 2 millones de pesos y una afluencia diaria de 2 mil personas. Se generar\u00e1n 400 empleos indirectos y se beneficiar\u00e1n 50 familias morelianas. Morelia, Michoac\u00e1n; 09 [&hellip;]<\/p>\n","protected":false},"author":1,"featured_media":12596,"comment_status":"open","ping_status":"closed","sticky":false,"template":"","format":"standard","meta":{"footnotes":""},"categories":[2],"tags":[],"class_list":["post-12594","post","type-post","status-publish","format-standard","has-post-thumbnail","hentry","category-cultural"],"_links":{"self":[{"href":"https:\/\/podernacional.com\/index.php?rest_route=\/wp\/v2\/posts\/12594","targetHints":{"allow":["GET"]}}],"collection":[{"href":"https:\/\/podernacional.com\/index.php?rest_route=\/wp\/v2\/posts"}],"about":[{"href":"https:\/\/podernacional.com\/index.php?rest_route=\/wp\/v2\/types\/post"}],"author":[{"embeddable":true,"href":"https:\/\/podernacional.com\/index.php?rest_route=\/wp\/v2\/users\/1"}],"replies":[{"embeddable":true,"href":"https:\/\/podernacional.com\/index.php?rest_route=%2Fwp%2Fv2%2Fcomments&post=12594"}],"version-history":[{"count":1,"href":"https:\/\/podernacional.com\/index.php?rest_route=\/wp\/v2\/posts\/12594\/revisions"}],"predecessor-version":[{"id":12595,"href":"https:\/\/podernacional.com\/index.php?rest_route=\/wp\/v2\/posts\/12594\/revisions\/12595"}],"wp:featuredmedia":[{"embeddable":true,"href":"https:\/\/podernacional.com\/index.php?rest_route=\/wp\/v2\/media\/12596"}],"wp:attachment":[{"href":"https:\/\/podernacional.com\/index.php?rest_route=%2Fwp%2Fv2%2Fmedia&parent=12594"}],"wp:term":[{"taxonomy":"category","embeddable":true,"href":"https:\/\/podernacional.com\/index.php?rest_route=%2Fwp%2Fv2%2Fcategories&post=12594"},{"taxonomy":"post_tag","embeddable":true,"href":"https:\/\/podernacional.com\/index.php?rest_route=%2Fwp%2Fv2%2Ftags&post=12594"}],"curies":[{"name":"wp","href":"https:\/\/api.w.org\/{rel}","templated":true}]}}