{"id":12597,"date":"2023-02-10T17:21:29","date_gmt":"2023-02-10T22:21:29","guid":{"rendered":"https:\/\/podernacional.com\/?p=12597"},"modified":"2023-02-10T22:21:31","modified_gmt":"2023-02-10T22:21:31","slug":"asi-sera-el-primer-festival-de-la-ciudad-irapuato-2023","status":"publish","type":"post","link":"https:\/\/podernacional.com\/?p=12597","title":{"rendered":"As\u00ed ser\u00e1 el primer Festival de la Ciudad Irapuato 2023"},"content":{"rendered":"<h4>Autoridades del gobierno municipal de Irapuato presentaron el primer Festival de la Ciudad.<\/h4>\n<p>Festival de la Ciudad Irapuato: As\u00ed como parte del 476 aniversario de la fundaci\u00f3n del municipio.<\/p>\n<p>Esto\u00a0con el que se realizar\u00e1n actividades culturales, deportivas y sociales, que se llevar\u00e1 a cabo del 15 al 22 de febrero.<\/p>\n<p>Lorena Alfaro Garc\u00eda, presidenta municipal, destac\u00f3 que este festival englobar\u00e1 los festejos que dan identidad, como parte de ellos.<\/p>\n<p>Adem\u00e1s de que\u00a0se entregar\u00e1 la presea Vasco de Quiroga, a una o un irapuatense distinguido.<\/p>\n<p>Adem\u00e1s de llevarse a cabo la Fresa de Oro, que se entrega al mejor productor de la frutilla t\u00edpica de Irapuato.<\/p>\n<p>\u201cLo m\u00e1s importante de este festival es su gente, porque sin ustedes y sin quienes nos antecedieron\u201d.<\/p>\n<p>\u201cEsto en\u00a0Irapuato no ser\u00eda lo que es hoy\u201d, dijo la alcaldesa.<\/p>\n<h4>\u00bfQu\u00e9 actividades se realizar\u00e1n?<\/h4>\n<p>Como parte de las actividades para celebrar a la ciudad, se contar\u00e1 el s\u00e1bado 18 de febrero.<\/p>\n<p>As\u00ed como\u00a0con el concierto de Margarita \u2018La Diosa de la Cumbia\u2019.<\/p>\n<p>Esto en el andador Sor Juana In\u00e9s de la Cruz, a un costado de Presidencia Municipal en el Centro Hist\u00f3rico.<\/p>\n<p>Gloria Cano de la Fuente, directora del Instituto Municipal de Cultura, Arte y Recreaci\u00f3n (IMCAR).<\/p>\n<p>Esto lo\u00a0inform\u00f3 que del 15 al 22 de febrero se ofrecer\u00e1n distintas actividades, culturales y deportivas, como:<\/p>\n<p>Carrera Atl\u00e9tica.<\/p>\n<p>Entrega de la presea de plata Vasco de Quiroga.<\/p>\n<p>Fresa de Oro.<\/p>\n<p>Video Mapping.<\/p>\n<p>Exposiciones fotogr\u00e1ficas y art\u00edsticas.<\/p>\n<p>Noches de Leyendas, entre muchos otros eventos.<\/p>\n<h4>\u201cLo m\u00e1s importante es que el Festival de la Ciudad busca propiciar una cultura de paz\u201d.<\/h4>\n<p>\u201cEsto\u00a0a trav\u00e9s de la celebraci\u00f3n, de la sana convivencia, del reconocimiento y respeto mutuo\u201d, indic\u00f3.<\/p>\n<p>Sumado a esto, habr\u00e1 narradores ambulantes en el transporte p\u00fablico referente a la fundaci\u00f3n de Irapuato.<\/p>\n<p>As\u00ed como un brindis por la ciudad en restaurantes como Lindo Sinaloa, Bixa, Argentino, La Vaca y el Beef Capital.<\/p>\n","protected":false},"excerpt":{"rendered":"<p>Autoridades del gobierno municipal de Irapuato presentaron el primer Festival de la Ciudad. Festival de la Ciudad Irapuato: As\u00ed como parte del 476 aniversario de la fundaci\u00f3n del municipio. Esto\u00a0con el que se realizar\u00e1n actividades culturales, deportivas y sociales, que se llevar\u00e1 a cabo del 15 al 22 de febrero. Lorena Alfaro Garc\u00eda, presidenta municipal, [&hellip;]<\/p>\n","protected":false},"author":1,"featured_media":12599,"comment_status":"open","ping_status":"closed","sticky":false,"template":"","format":"standard","meta":{"footnotes":""},"categories":[4],"tags":[],"class_list":["post-12597","post","type-post","status-publish","format-standard","has-post-thumbnail","hentry","category-espectaculos"],"_links":{"self":[{"href":"https:\/\/podernacional.com\/index.php?rest_route=\/wp\/v2\/posts\/12597","targetHints":{"allow":["GET"]}}],"collection":[{"href":"https:\/\/podernacional.com\/index.php?rest_route=\/wp\/v2\/posts"}],"about":[{"href":"https:\/\/podernacional.com\/index.php?rest_route=\/wp\/v2\/types\/post"}],"author":[{"embeddable":true,"href":"https:\/\/podernacional.com\/index.php?rest_route=\/wp\/v2\/users\/1"}],"replies":[{"embeddable":true,"href":"https:\/\/podernacional.com\/index.php?rest_route=%2Fwp%2Fv2%2Fcomments&post=12597"}],"version-history":[{"count":1,"href":"https:\/\/podernacional.com\/index.php?rest_route=\/wp\/v2\/posts\/12597\/revisions"}],"predecessor-version":[{"id":12598,"href":"https:\/\/podernacional.com\/index.php?rest_route=\/wp\/v2\/posts\/12597\/revisions\/12598"}],"wp:featuredmedia":[{"embeddable":true,"href":"https:\/\/podernacional.com\/index.php?rest_route=\/wp\/v2\/media\/12599"}],"wp:attachment":[{"href":"https:\/\/podernacional.com\/index.php?rest_route=%2Fwp%2Fv2%2Fmedia&parent=12597"}],"wp:term":[{"taxonomy":"category","embeddable":true,"href":"https:\/\/podernacional.com\/index.php?rest_route=%2Fwp%2Fv2%2Fcategories&post=12597"},{"taxonomy":"post_tag","embeddable":true,"href":"https:\/\/podernacional.com\/index.php?rest_route=%2Fwp%2Fv2%2Ftags&post=12597"}],"curies":[{"name":"wp","href":"https:\/\/api.w.org\/{rel}","templated":true}]}}