{"id":12606,"date":"2023-02-10T17:31:30","date_gmt":"2023-02-10T22:31:30","guid":{"rendered":"https:\/\/podernacional.com\/?p=12606"},"modified":"2023-02-10T22:31:31","modified_gmt":"2023-02-10T22:31:31","slug":"gobierno-de-qroo-invita-a-donar-en-favor-de-los-damnificados-de-turquia-y-siria","status":"publish","type":"post","link":"https:\/\/podernacional.com\/?p=12606","title":{"rendered":"Gobierno de QRoo invita a donar en favor de los damnificados de Turqu\u00eda y Siria"},"content":{"rendered":"<h4>Habr\u00e1 centros de acopio en Canc\u00fan y Chetumal<\/h4>\n<p><a href=\"https:\/\/whatsappmexico.com\/?p=11946\">Gobierno<\/a> de QRoo: El gobierno del estado de Quintana Roo invita a las dependencias gubernamentales y la sociedad en general a donar v\u00edveres.<\/p>\n<p>Los cuales\u00a0ser\u00e1n enviados a las familias de los pa\u00edses Turqu\u00eda y Siria afectadas por el terremoto del pasado lunes 6 de febrero.<\/p>\n<p>Esto\u00a0que hasta ahora ha cobrado miles de vidas y dejado decenas de miles de damnificados.<\/p>\n<p>Podr\u00e1n donarse alimentos no perecederos: comida enlatada (verduras, at\u00fan, frijol, etc.), alimento para beb\u00e9, leche en polvo.<\/p>\n<p>As\u00ed como de\u00a0agua embotellada, as\u00ed como art\u00edculos de higiene personal:<\/p>\n<p>Cepillos y pasta dental, toallas sanitarias, papel higi\u00e9nico, pa\u00f1ales para beb\u00e9 y adulto, jab\u00f3n de tocador.<\/p>\n<h4>\u00a0\u201cEs importante considerar la donaci\u00f3n de ropa de invierno para ni\u00f1os y adultos, ya sea pantalones, su\u00e9teres, chamarras, guantes\u201d.<\/h4>\n<p>\u201cAs\u00ed como de bufandas, gorros, cobijas, entre otros\u201d, se\u00f1ala la convocatoria del gobierno quintanarroense.<\/p>\n<p>Los centros de acopio se ubican en Canc\u00fan en la avenida Bonampak, entre Chich\u00e9n Itz\u00e1 y Garc\u00eda de la Torre.<\/p>\n<p>Al igual que en Chetumal en la avenida Insurgentes n\u00famero 600, colonia Gonzalo Guerrero, en horario de lunes a viernes de 8 a 15 horas.<\/p>\n<p>Gobierno de QRoo invita a donar en favor de los damnificados de Turqu\u00eda y Siria<\/p>\n","protected":false},"excerpt":{"rendered":"<p>Habr\u00e1 centros de acopio en Canc\u00fan y Chetumal Gobierno de QRoo: El gobierno del estado de Quintana Roo invita a las dependencias gubernamentales y la sociedad en general a donar v\u00edveres. Los cuales\u00a0ser\u00e1n enviados a las familias de los pa\u00edses Turqu\u00eda y Siria afectadas por el terremoto del pasado lunes 6 de febrero. Esto\u00a0que hasta [&hellip;]<\/p>\n","protected":false},"author":1,"featured_media":12608,"comment_status":"open","ping_status":"closed","sticky":false,"template":"","format":"standard","meta":{"footnotes":""},"categories":[10],"tags":[],"class_list":["post-12606","post","type-post","status-publish","format-standard","has-post-thumbnail","hentry","category-quintana-roo"],"_links":{"self":[{"href":"https:\/\/podernacional.com\/index.php?rest_route=\/wp\/v2\/posts\/12606","targetHints":{"allow":["GET"]}}],"collection":[{"href":"https:\/\/podernacional.com\/index.php?rest_route=\/wp\/v2\/posts"}],"about":[{"href":"https:\/\/podernacional.com\/index.php?rest_route=\/wp\/v2\/types\/post"}],"author":[{"embeddable":true,"href":"https:\/\/podernacional.com\/index.php?rest_route=\/wp\/v2\/users\/1"}],"replies":[{"embeddable":true,"href":"https:\/\/podernacional.com\/index.php?rest_route=%2Fwp%2Fv2%2Fcomments&post=12606"}],"version-history":[{"count":1,"href":"https:\/\/podernacional.com\/index.php?rest_route=\/wp\/v2\/posts\/12606\/revisions"}],"predecessor-version":[{"id":12607,"href":"https:\/\/podernacional.com\/index.php?rest_route=\/wp\/v2\/posts\/12606\/revisions\/12607"}],"wp:featuredmedia":[{"embeddable":true,"href":"https:\/\/podernacional.com\/index.php?rest_route=\/wp\/v2\/media\/12608"}],"wp:attachment":[{"href":"https:\/\/podernacional.com\/index.php?rest_route=%2Fwp%2Fv2%2Fmedia&parent=12606"}],"wp:term":[{"taxonomy":"category","embeddable":true,"href":"https:\/\/podernacional.com\/index.php?rest_route=%2Fwp%2Fv2%2Fcategories&post=12606"},{"taxonomy":"post_tag","embeddable":true,"href":"https:\/\/podernacional.com\/index.php?rest_route=%2Fwp%2Fv2%2Ftags&post=12606"}],"curies":[{"name":"wp","href":"https:\/\/api.w.org\/{rel}","templated":true}]}}