{"id":12609,"date":"2023-02-10T17:34:45","date_gmt":"2023-02-10T22:34:45","guid":{"rendered":"https:\/\/podernacional.com\/?p=12609"},"modified":"2023-02-10T22:34:46","modified_gmt":"2023-02-10T22:34:46","slug":"areas-enfocadas-a-la-tecnologia-una-prioridad-en-mexico","status":"publish","type":"post","link":"https:\/\/podernacional.com\/?p=12609","title":{"rendered":"\u00c1reas enfocadas a la tecnolog\u00eda, una prioridad en M\u00e9xico"},"content":{"rendered":"<h4>La pandemia aument\u00f3 la demanda de profesionales especializados en \u00e1reas de tecnolog\u00edas de la informaci\u00f3n<\/h4>\n<p>\u00c1reas enfocadas a la tecnolog\u00eda: La industria tecnol\u00f3gica ha avanzado a pasos agigantados en los \u00faltimos tres a\u00f1os.<\/p>\n<p>As\u00ed como de un crecimiento impulsado sobre todo desde los confinamientos de la pandemia de COVID-19 en 2020.<\/p>\n<p>Blockchain, IA, machine learning y data science<\/p>\n<p>Esto aument\u00f3 la demanda de profesionales especializados en \u00e1reas de tecnolog\u00edas de la informaci\u00f3n, como desarrollo de software.<\/p>\n<p>Al igual que del\u00a0an\u00e1lisis y ciencia de datos, blockchain, inteligencia artificial, machine learning, entre otras nuevas disciplinas.<\/p>\n<p>Seg\u00fan un estudio del Harvard Business Review Analytic Services.<\/p>\n<p>Por ende, el 73% de ejecutivos encuestados manifest\u00f3 que la escasez de talento es una de las principales barreras para digitalizar sus operaciones.<\/p>\n<h4>Este incremento de la demanda de profesionales especializados tambi\u00e9n est\u00e1 ocurriendo en M\u00e9xico. Cifras de Manpower Group.<\/h4>\n<p>As\u00ed como de\u00a0una de las firmas m\u00e1s grandes de b\u00fasqueda de talento en el pa\u00eds.<\/p>\n<p>El cual\u00a0muestran que el 46% de los empleadores tiene planeado aumentar su plantilla laboral durante el primer trimestre de 2023.<\/p>\n<p>Una de las empresas que comenz\u00f3 operaciones en el pa\u00eds en 2022 y est\u00e1 en b\u00fasqueda de talento en \u00e1reas digitales y tecnol\u00f3gicas es Dataknow.<\/p>\n<p>Para Carlos Murillo, CEO de Dataknow, encontrar el talento adecuado es uno de los grandes retos.<\/p>\n<p>\u201cEl talento no solamente es escaso en Latinoam\u00e9rica, es un problema a nivel mundial\u201d.<\/p>\n<p>\u201cEncontrar personas que sean muy buenas t\u00e9cnicamente y que tengan esas habilidades blandas, las llamadas \u2018soft skills\u2019\u201d.<\/p>\n<h4>\u201cAs\u00ed como\u00a0que entiendan y tengan la empat\u00eda para ponerse en los zapatos de un cliente y entender qu\u00e9 le est\u00e1 doliendo\u201d.<\/h4>\n<p>\u201cAdem\u00e1s de las\u00a0cu\u00e1les son sus necesidades y traducir esas necesidades en una soluci\u00f3n con datos\u201d.<\/p>\n<p>As\u00ed como para encontrar esa combinaci\u00f3n creo que hoy se ha vuelto muy valioso.<\/p>\n<p>Y en los estudiantes no solo no hab\u00eda afinidad con ramas de la ingenier\u00eda.<\/p>\n<p>\u201cEsto sino que adem\u00e1s en nuestros pa\u00edses es bien costoso acceder a la educaci\u00f3n profesional\u201d, afirm\u00f3 Murillo.<\/p>\n<p>\u00c1reas enfocadas a la tecnolog\u00eda, una prioridad en M\u00e9xico<\/p>\n","protected":false},"excerpt":{"rendered":"<p>La pandemia aument\u00f3 la demanda de profesionales especializados en \u00e1reas de tecnolog\u00edas de la informaci\u00f3n \u00c1reas enfocadas a la tecnolog\u00eda: La industria tecnol\u00f3gica ha avanzado a pasos agigantados en los \u00faltimos tres a\u00f1os. As\u00ed como de un crecimiento impulsado sobre todo desde los confinamientos de la pandemia de COVID-19 en 2020. Blockchain, IA, machine learning [&hellip;]<\/p>\n","protected":false},"author":1,"featured_media":12611,"comment_status":"open","ping_status":"closed","sticky":false,"template":"","format":"standard","meta":{"footnotes":""},"categories":[13],"tags":[],"class_list":["post-12609","post","type-post","status-publish","format-standard","has-post-thumbnail","hentry","category-tecnologia"],"_links":{"self":[{"href":"https:\/\/podernacional.com\/index.php?rest_route=\/wp\/v2\/posts\/12609","targetHints":{"allow":["GET"]}}],"collection":[{"href":"https:\/\/podernacional.com\/index.php?rest_route=\/wp\/v2\/posts"}],"about":[{"href":"https:\/\/podernacional.com\/index.php?rest_route=\/wp\/v2\/types\/post"}],"author":[{"embeddable":true,"href":"https:\/\/podernacional.com\/index.php?rest_route=\/wp\/v2\/users\/1"}],"replies":[{"embeddable":true,"href":"https:\/\/podernacional.com\/index.php?rest_route=%2Fwp%2Fv2%2Fcomments&post=12609"}],"version-history":[{"count":1,"href":"https:\/\/podernacional.com\/index.php?rest_route=\/wp\/v2\/posts\/12609\/revisions"}],"predecessor-version":[{"id":12610,"href":"https:\/\/podernacional.com\/index.php?rest_route=\/wp\/v2\/posts\/12609\/revisions\/12610"}],"wp:featuredmedia":[{"embeddable":true,"href":"https:\/\/podernacional.com\/index.php?rest_route=\/wp\/v2\/media\/12611"}],"wp:attachment":[{"href":"https:\/\/podernacional.com\/index.php?rest_route=%2Fwp%2Fv2%2Fmedia&parent=12609"}],"wp:term":[{"taxonomy":"category","embeddable":true,"href":"https:\/\/podernacional.com\/index.php?rest_route=%2Fwp%2Fv2%2Fcategories&post=12609"},{"taxonomy":"post_tag","embeddable":true,"href":"https:\/\/podernacional.com\/index.php?rest_route=%2Fwp%2Fv2%2Ftags&post=12609"}],"curies":[{"name":"wp","href":"https:\/\/api.w.org\/{rel}","templated":true}]}}