{"id":1262,"date":"2020-09-07T22:58:06","date_gmt":"2020-09-07T22:58:06","guid":{"rendered":"http:\/\/whatsappcancun.com\/?p=1262"},"modified":"2020-09-07T22:58:06","modified_gmt":"2020-09-07T22:58:06","slug":"fallece-integrante-del-grupo-original-garibaldi-y-ex-de-paty-manterola","status":"publish","type":"post","link":"https:\/\/podernacional.com\/?p=1262","title":{"rendered":"Fallece integrante del grupo original Garibaldi y ex de Paty Manterola"},"content":{"rendered":"\n<h1 class=\"wp-block-heading\">El actual diputado Sergio Mayer y su amigo, fue quien confirm\u00f3 el fallecimiento de Xavier Ortiz ex integrante del grupo musical Garibaldi<\/h1>\n\n\n\n<p>M\u00e9xico.- La tarde de este lunes, se confirm\u00f3 el fallecimiento a los 48 a\u00f1os de edad de Xavier Ortiz, quien fuera integrante del grupo Garibaldi y ex esposo de Patricia Manterola.<\/p>\n\n\n\n<p>Fue su compa\u00f1ero y actual diputado&nbsp;<strong>Sergio Mayer quien usando su cuenta de Twitter&nbsp;<\/strong>avis\u00f3 del deceso del cantante que inici\u00f3 en el grupo&nbsp;<strong>a finales de la d\u00e9cada de los 80<\/strong>, fusionando sonidos de pop con caribe\u00f1os.<\/p>\n\n\n\n<p>\u201c<strong><em>Con profunda tristeza y gran dolor, informo del fallecimiento de mi querido hermano y gran compa\u00f1ero del Grupo Garibaldi y actor, Xavier Ortiz. Mis sinceras condolencias a su familia, amigas y amigos, y la comunidad art\u00edstica<\/em><\/strong>\u201c, escribi\u00f3 Mayer.<\/p>\n\n\n\n<p>Hasta ahora no se sabe cu\u00e1l fue la causa del deceso&nbsp;<strong>de Ortiz.<\/strong><\/p>\n\n\n\n<figure class=\"wp-block-image\"><img decoding=\"async\" src=\"https:\/\/www.meganews.mx\/wp-content\/uploads\/2020\/09\/Xavier-Orti.jpg\" alt=\"\" class=\"wp-image-164301\"\/><\/figure>\n\n\n\n<h2 class=\"wp-block-heading\">\u00bfQui\u00e9n era Xavier Ortiz?<\/h2>\n\n\n\n<p>Xavier Ortiz fue cantante y bailar\u00edn del<strong>&nbsp;original grupo de Garibaldi<\/strong>; inici\u00f3 su carrera desde muy joven y tras el grupo&nbsp;<strong>se dedic\u00f3 al teatro<\/strong>, con no tanto \u00e9xito como otros compa\u00f1eros.<\/p>\n\n\n\n<p><strong>Xavier Ortiz estuvo casado por un breve lapso de tiempo con su ex compa\u00f1era de agrupaci\u00f3n Patricia Manterola<\/strong>, con quien no procre\u00f3 hijos y se separ\u00f3 en 2004 tras cinco a\u00f1os de matrimonio.<\/p>\n\n\n\n<p>En el 2011 tuvo un accidente a bordo de su motocicleta que lo llev\u00f3 a terapia intensiva. Fue sometido<strong>&nbsp;a dos operaciones de la pierna izquierda<\/strong>&nbsp;y tuvo que tomar terapia de rehabilitaci\u00f3n para recuperar su movilidad.<\/p>\n\n\n\n<p>Luego del incidente el famoso<strong>&nbsp;tuvo problemas financieros<\/strong>, por lo que algunos de sus compa\u00f1eros se sumaron para recaudar dinero.<\/p>\n\n\n\n<p>Incluso la actriz&nbsp;<strong>Carmen Salinas<\/strong>&nbsp;coment\u00f3 meses m\u00e1s tarde del accidente que el exGaribaldi ten\u00eda todav\u00eda&nbsp;<strong>deudas por la hospitalizaci\u00f3n, pero que le dieron la oportunidad de pagar en abonos<\/strong>&nbsp;lo que deb\u00eda. Ortiz tambi\u00e9n interpret\u00f3 el papel de&nbsp;<strong>\u201cLa Bugambilia en \u201cAventurera\u201d.<\/strong><\/p>\n\n\n\n<p>Ante su problema econ\u00f3mico, Ortiz se vio en la necesidad, en esta pandemia, en<strong>&nbsp;vender cubrebocas, seg\u00fan lo dijo \u00e9l en una entrevista&nbsp;<\/strong>para el programa Ventaneando.<\/p>\n\n\n\n<p>\u201c<strong><em>Eventos no hay, no se puede juntar la gente. Entonces lo que estoy haciendo es entrar en esta rebatinga de cubrebocas y gel antibacterial y guantes y todo el equipo m\u00e9dico tratando, a trav\u00e9s de las fundaciones, de conseguir proveedores y hacer un poco de dinero\u201d<\/em><\/strong>, asegur\u00f3 en el programa liderado por Pati Chapoy.<\/p>\n\n\n\n<figure class=\"wp-block-embed-youtube wp-block-embed is-type-video is-provider-youtube wp-embed-aspect-16-9 wp-has-aspect-ratio\"><div class=\"wp-block-embed__wrapper\">\n<iframe loading=\"lazy\" title=\"Garibaldi - Banana La Bolita (Video Oficial HD)\" width=\"640\" height=\"360\" src=\"https:\/\/www.youtube.com\/embed\/fIeqSwhTPBw?feature=oembed\" frameborder=\"0\" allow=\"accelerometer; autoplay; clipboard-write; encrypted-media; gyroscope; picture-in-picture; web-share\" referrerpolicy=\"strict-origin-when-cross-origin\" allowfullscreen><\/iframe>\n<\/div><\/figure>\n","protected":false},"excerpt":{"rendered":"<p>El actual diputado Sergio Mayer y su amigo, fue quien confirm\u00f3 el fallecimiento de Xavier Ortiz ex integrante del grupo musical Garibaldi M\u00e9xico.- La tarde de este lunes, se confirm\u00f3 el fallecimiento a los 48 a\u00f1os de edad de Xavier Ortiz, quien fuera integrante del grupo Garibaldi y ex esposo de Patricia Manterola. Fue su [&hellip;]<\/p>\n","protected":false},"author":1,"featured_media":1263,"comment_status":"open","ping_status":"open","sticky":false,"template":"","format":"standard","meta":{"footnotes":""},"categories":[12],"tags":[],"class_list":["post-1262","post","type-post","status-publish","format-standard","has-post-thumbnail","hentry","category-sin-categoria"],"_links":{"self":[{"href":"https:\/\/podernacional.com\/index.php?rest_route=\/wp\/v2\/posts\/1262","targetHints":{"allow":["GET"]}}],"collection":[{"href":"https:\/\/podernacional.com\/index.php?rest_route=\/wp\/v2\/posts"}],"about":[{"href":"https:\/\/podernacional.com\/index.php?rest_route=\/wp\/v2\/types\/post"}],"author":[{"embeddable":true,"href":"https:\/\/podernacional.com\/index.php?rest_route=\/wp\/v2\/users\/1"}],"replies":[{"embeddable":true,"href":"https:\/\/podernacional.com\/index.php?rest_route=%2Fwp%2Fv2%2Fcomments&post=1262"}],"version-history":[{"count":0,"href":"https:\/\/podernacional.com\/index.php?rest_route=\/wp\/v2\/posts\/1262\/revisions"}],"wp:featuredmedia":[{"embeddable":true,"href":"https:\/\/podernacional.com\/index.php?rest_route=\/wp\/v2\/media\/1263"}],"wp:attachment":[{"href":"https:\/\/podernacional.com\/index.php?rest_route=%2Fwp%2Fv2%2Fmedia&parent=1262"}],"wp:term":[{"taxonomy":"category","embeddable":true,"href":"https:\/\/podernacional.com\/index.php?rest_route=%2Fwp%2Fv2%2Fcategories&post=1262"},{"taxonomy":"post_tag","embeddable":true,"href":"https:\/\/podernacional.com\/index.php?rest_route=%2Fwp%2Fv2%2Ftags&post=1262"}],"curies":[{"name":"wp","href":"https:\/\/api.w.org\/{rel}","templated":true}]}}