{"id":12639,"date":"2023-02-11T16:00:27","date_gmt":"2023-02-11T21:00:27","guid":{"rendered":"https:\/\/podernacional.com\/?p=12639"},"modified":"2023-02-11T21:00:28","modified_gmt":"2023-02-11T21:00:28","slug":"celebra-el-amor-con-mezcal-lanzate-con-tu-crush-al-festival-del-amor-y-el-mezcal-en-la-cdmx-para-celebrar-san-valentin","status":"publish","type":"post","link":"https:\/\/podernacional.com\/?p=12639","title":{"rendered":"Celebra el amor con mezcal: l\u00e1nzate con tu &#8216;crush&#8217; al Festival del Amor y el Mezcal en la CDMX para celebrar San Valent\u00edn"},"content":{"rendered":"<h4>\u00bfNo sabes qu\u00e9 plan proponer para salir con tu &#8216;crush&#8217; este D\u00eda del Amor y la Amistad?<\/h4>\n<p><a href=\"https:\/\/whatsappmexico.com\/\">Celebra<\/a> el amor con mezcal: No lo pienses m\u00e1s y l\u00e1nzate al Festival del Amor-el Mezcal en el coraz\u00f3n verde de la colonia Roma, ac\u00e1 te damos los detalles.<\/p>\n<p>Se viene el festival indicado para celebrar el amor, pero tambi\u00e9n los corazones rotos:<\/p>\n<p>Por ende en este Festival del Amor y el Mezcal 2023 en la Ciudad de M\u00e9xico.<\/p>\n<p>Ya que\u00a0es la ocasi\u00f3n perfecta para disfrutar de tu fin de semana.<\/p>\n<p>El Festival del Amor y el Mezcal es uno de los eventos agendados en los \u00faltimos d\u00edas del mes de febrero.<\/p>\n<p>Adem\u00e1s de\u00a0la oportunidad perfecta para invitar a tu crush, a tu pareja o asistir con amigos a degustar de unos buenos tragos de mezcal.<\/p>\n<h4>Como\u00a0as\u00ed celebrar el D\u00eda del Amor y la Amistad entre shots de mezcal.<\/h4>\n<p>\u00bfCu\u00e1ndo y d\u00f3nde podr\u00e1s darte tus &#8216;drinks&#8217; con tus amigos?<\/p>\n<p>El Festival del Amor y el Mezcal se llevar\u00e1 a cabo el pr\u00f3ximo 25 y 26 de febrero en las instalaciones de Huerto Roma Verde.<\/p>\n<p>Este evento es organizado por Bazar Af\u00e1n Creativo que rinde homenaje a uno de los destilados m\u00e1s importantes de M\u00e9xico.<\/p>\n<p>Adem\u00e1s de\u00a0la bebida ancestral, por supuesto, el mezcal.<\/p>\n<p>En el festival encontrar\u00e1s m\u00e1s de 40 expositores de mezcal, procedentes de diferentes regiones del pa\u00eds.<\/p>\n<p>Adem\u00e1s, podr\u00e1s disfrutar de diversas actividades culturales y musicales, as\u00ed como darte un gusto gastron\u00f3mico.<\/p>\n<p>As\u00ed como\u00a0con la propuesta de antojitos mexicanos como tlayudas oaxaque\u00f1as, ya que si andas de antojo de algo dulce.<\/p>\n<p>Al igual de que aqu\u00ed encontrar\u00e1s postres, chocolates, caf\u00e9, alimentos veganos y mucho m\u00e1s.<\/p>\n<p>Celebra el amor con mezcal: l\u00e1nzate con tu &#8216;crush&#8217; al Festival del Amor<\/p>\n","protected":false},"excerpt":{"rendered":"<p>\u00bfNo sabes qu\u00e9 plan proponer para salir con tu &#8216;crush&#8217; este D\u00eda del Amor y la Amistad? Celebra el amor con mezcal: No lo pienses m\u00e1s y l\u00e1nzate al Festival del Amor-el Mezcal en el coraz\u00f3n verde de la colonia Roma, ac\u00e1 te damos los detalles. Se viene el festival indicado para celebrar el amor, [&hellip;]<\/p>\n","protected":false},"author":1,"featured_media":12641,"comment_status":"open","ping_status":"closed","sticky":false,"template":"","format":"standard","meta":{"footnotes":""},"categories":[2],"tags":[],"class_list":["post-12639","post","type-post","status-publish","format-standard","has-post-thumbnail","hentry","category-cultural"],"_links":{"self":[{"href":"https:\/\/podernacional.com\/index.php?rest_route=\/wp\/v2\/posts\/12639","targetHints":{"allow":["GET"]}}],"collection":[{"href":"https:\/\/podernacional.com\/index.php?rest_route=\/wp\/v2\/posts"}],"about":[{"href":"https:\/\/podernacional.com\/index.php?rest_route=\/wp\/v2\/types\/post"}],"author":[{"embeddable":true,"href":"https:\/\/podernacional.com\/index.php?rest_route=\/wp\/v2\/users\/1"}],"replies":[{"embeddable":true,"href":"https:\/\/podernacional.com\/index.php?rest_route=%2Fwp%2Fv2%2Fcomments&post=12639"}],"version-history":[{"count":1,"href":"https:\/\/podernacional.com\/index.php?rest_route=\/wp\/v2\/posts\/12639\/revisions"}],"predecessor-version":[{"id":12640,"href":"https:\/\/podernacional.com\/index.php?rest_route=\/wp\/v2\/posts\/12639\/revisions\/12640"}],"wp:featuredmedia":[{"embeddable":true,"href":"https:\/\/podernacional.com\/index.php?rest_route=\/wp\/v2\/media\/12641"}],"wp:attachment":[{"href":"https:\/\/podernacional.com\/index.php?rest_route=%2Fwp%2Fv2%2Fmedia&parent=12639"}],"wp:term":[{"taxonomy":"category","embeddable":true,"href":"https:\/\/podernacional.com\/index.php?rest_route=%2Fwp%2Fv2%2Fcategories&post=12639"},{"taxonomy":"post_tag","embeddable":true,"href":"https:\/\/podernacional.com\/index.php?rest_route=%2Fwp%2Fv2%2Ftags&post=12639"}],"curies":[{"name":"wp","href":"https:\/\/api.w.org\/{rel}","templated":true}]}}