{"id":12679,"date":"2023-02-13T16:17:43","date_gmt":"2023-02-13T21:17:43","guid":{"rendered":"https:\/\/podernacional.com\/?p=12679"},"modified":"2023-02-13T21:17:45","modified_gmt":"2023-02-13T21:17:45","slug":"james-cameron-estara-en-el-festival-de-las-ideas-2023","status":"publish","type":"post","link":"https:\/\/podernacional.com\/?p=12679","title":{"rendered":"James Cameron estar\u00e1 en el Festival de las Ideas 2023"},"content":{"rendered":"<h4>Imperdible, como cada a\u00f1o, promete estar el Festival de las Ideas, el cual se llevar\u00e1 a efecto del 9 al 11 de marzo.<\/h4>\n<p>James Cameron: Esto bajo el lema \u00abIdeas que liberan\u00bb, en el Auditorio Metropolitano, convirti\u00e9ndose en el foro m\u00e1s importante de Am\u00e9rica Latina.<\/p>\n<p>As\u00ed como con la asistencia de 5 mil personas de manera f\u00edsica y m\u00e1s de 100 mil alrededor del mundo de manera virtual.<\/p>\n<p>Lo cual\u00a0es lo que me platic\u00f3 Ricardo Obert Mart\u00ednez, director del encuentro.<\/p>\n<p>Seguramente ustedes recuerdan a James Cameron cuando hace 25 a\u00f1os fueron a ver el estreno de la pel\u00edcula Titanic (1997).<\/p>\n<p>Esto\u00a0en la que aparecen Rose DeWitt Bukater (Kate Winslet) y Jack Dawson (Leonardo DiCaprio), con quienes lloraron y lloraron.<\/p>\n<p>Adem\u00e1s que\u00a0la han visto cualquier cantidad de veces. Bueno, este se\u00f1or fue el director.<\/p>\n<p>Y justo estar\u00e1 en Puebla tres d\u00edas antes de la 95 edici\u00f3n de los Premios de la Academia, porque su pel\u00edcula Avatar:<\/p>\n<h4>El camino del agua, la segunda pel\u00edcula de la franquicia que dirige, brill\u00f3 en la lista de nominados al \u00d3scar 2023 en cuatro categor\u00edas:<\/h4>\n<p>Mejor Pel\u00edcula, Mejor Sonido, Mejor Dise\u00f1o de Producci\u00f3n y Mejores Efectos Visuales.<\/p>\n<p>Otra personalidad que estar\u00e1 en el Festival de las Ideas es Danielle Feinberg, ni m\u00e1s ni menos que la directora de fotograf\u00eda de Pixar.<\/p>\n<p>As\u00ed como de\u00a0quien tambi\u00e9n veremos en la ceremonia del \u00d3scar.<\/p>\n<p>Esto\u00a0ya que la pel\u00edcula Turning Red est\u00e1 nominada a mejores efectos visuales en el rubro de pel\u00edcula animada.<\/p>\n<p>Ella ha trabajado en pel\u00edculas como Bug\u2019s Life, como organizadora de renders.<\/p>\n<p>Adem\u00e1s de que\u00a0m\u00e1s tarde se encarg\u00f3 de la iluminaci\u00f3n de Toy Story 2, Monsters, Inc., ganadora del Oscar Buscando a Nemo y Los Incre\u00edbles.<\/p>\n<p>Wall-E fue la primera pel\u00edcula en la que Danielle Feinberg dirigi\u00f3 la iluminaci\u00f3n, en su papel de directora de fotograf\u00eda.<\/p>\n<p>F\u00e9lix Hern\u00e1ndez es un fot\u00f3grafo, artista digital y de miniaturas radicado en Canc\u00fan, M\u00e9xico.<\/p>\n<p>Dirige su estudio de fotograf\u00eda Hernandez Dreamphography, donde desarrolla proyectos creativos e im\u00e1genes de alto impacto.<\/p>\n<p>Esto para campa\u00f1as publicitarias y branded content para marcas internacionales como BMW Motorrad, Audi, Volkswagen.<\/p>\n<p>As\u00ed como de: Nickelodeon, Wilson, Mattel, The Red Cross, TopGear Magazine, Cadbury, entre otros.<\/p>\n<p>James Cameron estar\u00e1 en el Festival de las Ideas 2023<\/p>\n","protected":false},"excerpt":{"rendered":"<p>Imperdible, como cada a\u00f1o, promete estar el Festival de las Ideas, el cual se llevar\u00e1 a efecto del 9 al 11 de marzo. James Cameron: Esto bajo el lema \u00abIdeas que liberan\u00bb, en el Auditorio Metropolitano, convirti\u00e9ndose en el foro m\u00e1s importante de Am\u00e9rica Latina. As\u00ed como con la asistencia de 5 mil personas de [&hellip;]<\/p>\n","protected":false},"author":1,"featured_media":12681,"comment_status":"open","ping_status":"closed","sticky":false,"template":"","format":"standard","meta":{"footnotes":""},"categories":[2],"tags":[],"class_list":["post-12679","post","type-post","status-publish","format-standard","has-post-thumbnail","hentry","category-cultural"],"_links":{"self":[{"href":"https:\/\/podernacional.com\/index.php?rest_route=\/wp\/v2\/posts\/12679","targetHints":{"allow":["GET"]}}],"collection":[{"href":"https:\/\/podernacional.com\/index.php?rest_route=\/wp\/v2\/posts"}],"about":[{"href":"https:\/\/podernacional.com\/index.php?rest_route=\/wp\/v2\/types\/post"}],"author":[{"embeddable":true,"href":"https:\/\/podernacional.com\/index.php?rest_route=\/wp\/v2\/users\/1"}],"replies":[{"embeddable":true,"href":"https:\/\/podernacional.com\/index.php?rest_route=%2Fwp%2Fv2%2Fcomments&post=12679"}],"version-history":[{"count":1,"href":"https:\/\/podernacional.com\/index.php?rest_route=\/wp\/v2\/posts\/12679\/revisions"}],"predecessor-version":[{"id":12680,"href":"https:\/\/podernacional.com\/index.php?rest_route=\/wp\/v2\/posts\/12679\/revisions\/12680"}],"wp:featuredmedia":[{"embeddable":true,"href":"https:\/\/podernacional.com\/index.php?rest_route=\/wp\/v2\/media\/12681"}],"wp:attachment":[{"href":"https:\/\/podernacional.com\/index.php?rest_route=%2Fwp%2Fv2%2Fmedia&parent=12679"}],"wp:term":[{"taxonomy":"category","embeddable":true,"href":"https:\/\/podernacional.com\/index.php?rest_route=%2Fwp%2Fv2%2Fcategories&post=12679"},{"taxonomy":"post_tag","embeddable":true,"href":"https:\/\/podernacional.com\/index.php?rest_route=%2Fwp%2Fv2%2Ftags&post=12679"}],"curies":[{"name":"wp","href":"https:\/\/api.w.org\/{rel}","templated":true}]}}