{"id":12682,"date":"2023-02-13T16:20:58","date_gmt":"2023-02-13T21:20:58","guid":{"rendered":"https:\/\/podernacional.com\/?p=12682"},"modified":"2023-02-13T21:21:00","modified_gmt":"2023-02-13T21:21:00","slug":"el-festival-sonora-las-palmas-de-gran-canaria-abre-la-convocatoria-para-el-concurso-de-bandas-y-artistas","status":"publish","type":"post","link":"https:\/\/podernacional.com\/?p=12682","title":{"rendered":"El Festival Sonora Las Palmas de Gran Canaria abre la convocatoria para el concurso de bandas y artistas"},"content":{"rendered":"<h4>Quienes deseen participar pueden inscribirse hasta el 13 de marzo la p\u00e1gina web sin importar g\u00e9neros musicales o n\u00famero de componentes<\/h4>\n<p>El <a href=\"https:\/\/whatsappmexico.com\/?p=11973\">Festival<\/a> Sonora: Concurso de Sonora Las Palmas de Gran Canaria, conocido como Capital Sonora<\/p>\n<p>El concurso de bandas y artistas Sonora Las Palmas de Gran Canaria, conocido como La Caja Sonora y Capital Sonora en ediciones anteriores.<\/p>\n<p>El cual\u00a0tiene abierta la inscripci\u00f3n para todas las bandas o artistas de las islas que deseen participar en el Festival.<\/p>\n<p>Esto\u00a0sin limitaci\u00f3n por g\u00e9neros musicales o n\u00famero de componentes.<\/p>\n<p>La inscripci\u00f3n debe hacerse en la p\u00e1gina web www.sonoralaspalmasgc.com, donde tambi\u00e9n se podr\u00e1n consultar las bases.<\/p>\n<p>Adem\u00e1s de que\u00a0estar\u00e1 activa hasta el 13 de marzo, fecha a partir de la cual un jurado independiente compuesto por distintas personalidades.<\/p>\n<h4>Esto\u00a0del mundo de la cultura seleccionar\u00e1 de entre todas las propuestas presentadas a las diez bandas.<\/h4>\n<p>O bien de\u00a0artistas que actuar\u00e1n en la gran final del Edificio Miller del Parque de Santa Catalina.<\/p>\n<p>Al t\u00e9rmino de los conciertos, otro jurado independiente, con Teddy Bautista como presidente de honor.<\/p>\n<p>El cual\u00a0dar\u00e1 a conocer al ganador de la edici\u00f3n de este a\u00f1o.<\/p>\n<p>Contar con Teddy Bautista como presidente honor\u00edfico del jurado:<\/p>\n<p>\u201cSupone un sello de calidad a\u00f1adido para la celebraci\u00f3n de las diez ediciones del Sonora\u201d, se\u00f1al\u00f3 Juan Sal\u00e1n, director del Festival.<\/p>\n<p>As\u00ed como de\u00a0un artista \u201cque es historia viva con una trayectoria musical \u00fanica en Canarias, Espa\u00f1a y Latinoam\u00e9rica\u201d.<\/p>\n<p>\u201cAdem\u00e1s de una influencia indudable en la m\u00fasica de diversos g\u00e9neros hecha en los \u00faltimos 50 a\u00f1os, no solo en las Islas\u201d, destac\u00f3.<\/p>\n","protected":false},"excerpt":{"rendered":"<p>Quienes deseen participar pueden inscribirse hasta el 13 de marzo la p\u00e1gina web sin importar g\u00e9neros musicales o n\u00famero de componentes El Festival Sonora: Concurso de Sonora Las Palmas de Gran Canaria, conocido como Capital Sonora El concurso de bandas y artistas Sonora Las Palmas de Gran Canaria, conocido como La Caja Sonora y Capital [&hellip;]<\/p>\n","protected":false},"author":1,"featured_media":12684,"comment_status":"open","ping_status":"closed","sticky":false,"template":"","format":"standard","meta":{"footnotes":""},"categories":[4],"tags":[],"class_list":["post-12682","post","type-post","status-publish","format-standard","has-post-thumbnail","hentry","category-espectaculos"],"_links":{"self":[{"href":"https:\/\/podernacional.com\/index.php?rest_route=\/wp\/v2\/posts\/12682","targetHints":{"allow":["GET"]}}],"collection":[{"href":"https:\/\/podernacional.com\/index.php?rest_route=\/wp\/v2\/posts"}],"about":[{"href":"https:\/\/podernacional.com\/index.php?rest_route=\/wp\/v2\/types\/post"}],"author":[{"embeddable":true,"href":"https:\/\/podernacional.com\/index.php?rest_route=\/wp\/v2\/users\/1"}],"replies":[{"embeddable":true,"href":"https:\/\/podernacional.com\/index.php?rest_route=%2Fwp%2Fv2%2Fcomments&post=12682"}],"version-history":[{"count":1,"href":"https:\/\/podernacional.com\/index.php?rest_route=\/wp\/v2\/posts\/12682\/revisions"}],"predecessor-version":[{"id":12683,"href":"https:\/\/podernacional.com\/index.php?rest_route=\/wp\/v2\/posts\/12682\/revisions\/12683"}],"wp:featuredmedia":[{"embeddable":true,"href":"https:\/\/podernacional.com\/index.php?rest_route=\/wp\/v2\/media\/12684"}],"wp:attachment":[{"href":"https:\/\/podernacional.com\/index.php?rest_route=%2Fwp%2Fv2%2Fmedia&parent=12682"}],"wp:term":[{"taxonomy":"category","embeddable":true,"href":"https:\/\/podernacional.com\/index.php?rest_route=%2Fwp%2Fv2%2Fcategories&post=12682"},{"taxonomy":"post_tag","embeddable":true,"href":"https:\/\/podernacional.com\/index.php?rest_route=%2Fwp%2Fv2%2Ftags&post=12682"}],"curies":[{"name":"wp","href":"https:\/\/api.w.org\/{rel}","templated":true}]}}