{"id":12703,"date":"2023-02-14T09:52:38","date_gmt":"2023-02-14T14:52:38","guid":{"rendered":"https:\/\/podernacional.com\/?p=12703"},"modified":"2023-02-14T14:52:55","modified_gmt":"2023-02-14T14:52:55","slug":"futbolista-de-republica-checa-anuncia-su-homosexualidad-en-redes-sociales","status":"publish","type":"post","link":"https:\/\/podernacional.com\/?p=12703","title":{"rendered":"Futbolista de Rep\u00fablica Checa anuncia su homosexualidad en redes sociales"},"content":{"rendered":"<p>Jakub Jankto, futbolista del Getafe que fue cedido a Sparta de Praga, confes\u00f3 que es homesexual a trav\u00e9s de un video en redes sociales, en donde menciona que quiere vivir su vida en libertad y sin prejuicios. \u00abYa no quiero esconderme\u00bb, escribi\u00f3.<\/p>\n<p>\u00abComo todos los dem\u00e1s, tengo mis fortalezas, tengo mis debilidades, tengo una familia, tengo a mis amigos, tengo un trabajo que lo he estado haciendo lo mejor que puedo durante a\u00f1os, con seriedad, profesionalismo y pasi\u00f3n. Como todos los dem\u00e1s. Yo tambi\u00e9n quiero vivir mi vida en libertad. Sin miedos. Sin prejuicios. Sin violencia. PERO con amor. Soy homosexual y ya no quiero esconderme\u201d, escribi\u00f3 el futbolista en redes sociales.<\/p>\n<p>\u201cJakub Jankto habl\u00f3 abiertamente sobre su orientaci\u00f3n sexual con la directiva, el entrenador y los compa\u00f1eros del club hace alg\u00fan tiempo. Todo lo dem\u00e1s se refiere a su vida personal. No hay m\u00e1s comentarios. No mas preguntas. Tienes nuestro apoyo. Vive tu vida, Jacob. Nada m\u00e1s importa\u00bb, inform\u00f3 Sparta de Praga.<\/p>\n<p>Por su parte, el Getafe, equipo se ha pronunciado al respecto, \u00abnuestro m\u00e1ximo respeto y apoyo incondicional a nuestro futbolista Jakub Jankto\u00bb, escribieron luego de compartir el video del futbolista.<\/p>\n","protected":false},"excerpt":{"rendered":"<p>Jakub Jankto, futbolista del Getafe que fue cedido a Sparta de Praga, confes\u00f3 que es homesexual a trav\u00e9s de un video en redes sociales, en donde menciona que quiere vivir su vida en libertad y sin prejuicios. \u00abYa no quiero esconderme\u00bb, escribi\u00f3. \u00abComo todos los dem\u00e1s, tengo mis fortalezas, tengo mis debilidades, tengo una familia, [&hellip;]<\/p>\n","protected":false},"author":1,"featured_media":12705,"comment_status":"open","ping_status":"closed","sticky":false,"template":"","format":"standard","meta":{"footnotes":""},"categories":[3],"tags":[],"class_list":["post-12703","post","type-post","status-publish","format-standard","has-post-thumbnail","hentry","category-deportes"],"_links":{"self":[{"href":"https:\/\/podernacional.com\/index.php?rest_route=\/wp\/v2\/posts\/12703","targetHints":{"allow":["GET"]}}],"collection":[{"href":"https:\/\/podernacional.com\/index.php?rest_route=\/wp\/v2\/posts"}],"about":[{"href":"https:\/\/podernacional.com\/index.php?rest_route=\/wp\/v2\/types\/post"}],"author":[{"embeddable":true,"href":"https:\/\/podernacional.com\/index.php?rest_route=\/wp\/v2\/users\/1"}],"replies":[{"embeddable":true,"href":"https:\/\/podernacional.com\/index.php?rest_route=%2Fwp%2Fv2%2Fcomments&post=12703"}],"version-history":[{"count":1,"href":"https:\/\/podernacional.com\/index.php?rest_route=\/wp\/v2\/posts\/12703\/revisions"}],"predecessor-version":[{"id":12704,"href":"https:\/\/podernacional.com\/index.php?rest_route=\/wp\/v2\/posts\/12703\/revisions\/12704"}],"wp:featuredmedia":[{"embeddable":true,"href":"https:\/\/podernacional.com\/index.php?rest_route=\/wp\/v2\/media\/12705"}],"wp:attachment":[{"href":"https:\/\/podernacional.com\/index.php?rest_route=%2Fwp%2Fv2%2Fmedia&parent=12703"}],"wp:term":[{"taxonomy":"category","embeddable":true,"href":"https:\/\/podernacional.com\/index.php?rest_route=%2Fwp%2Fv2%2Fcategories&post=12703"},{"taxonomy":"post_tag","embeddable":true,"href":"https:\/\/podernacional.com\/index.php?rest_route=%2Fwp%2Fv2%2Ftags&post=12703"}],"curies":[{"name":"wp","href":"https:\/\/api.w.org\/{rel}","templated":true}]}}