{"id":12706,"date":"2023-02-14T09:54:54","date_gmt":"2023-02-14T14:54:54","guid":{"rendered":"https:\/\/podernacional.com\/?p=12706"},"modified":"2023-02-14T14:55:10","modified_gmt":"2023-02-14T14:55:10","slug":"sobrino-de-carlos-vela-jugara-con-el-austin-fc-ii-de-la-mls-next-pro","status":"publish","type":"post","link":"https:\/\/podernacional.com\/?p=12706","title":{"rendered":"Sobrino de Carlos Vela jugar\u00e1 con el Austin FC II de la MLS Next Pro"},"content":{"rendered":"<p>Carlos Vela es uno de los jugadores m\u00e1s destacados de la MLS y marc\u00f3 un camino que ahora seguir\u00e1 su sobrino. Christo Vela fue fichado por el Austin FC II.<\/p>\n<p>El joven de 18 a\u00f1os llega en calidad de pr\u00e9stamo a la MLS Next Pro, categor\u00eda similar a la tercera divisi\u00f3n profesional de Estados Unidos. Con este acuerdo, dejar\u00e1 el Canc\u00fan FC de la Liga de Expansi\u00f3n en M\u00e9xico.<\/p>\n<p>\u201cEs una gran oportunidad y estoy emocionado por poder ayudar al equipo de cualquier manera posible\u201d, declar\u00f3 el mediocampista.<\/p>\n<p>En esta liga se encuentran las filiales de todos los clubes del m\u00e1ximo circuito, siendo el Austin FC la versi\u00f3n \u2018adulta\u2019 del club de Christo Vela.<\/p>\n<p>Entretanto, el LAFC de Carlos Vela buscar\u00e1 defender el campeonato de la MLS, mismo que obtuvo el pasado 5 de noviembre de 2022.<\/p>\n","protected":false},"excerpt":{"rendered":"<p>Carlos Vela es uno de los jugadores m\u00e1s destacados de la MLS y marc\u00f3 un camino que ahora seguir\u00e1 su sobrino. Christo Vela fue fichado por el Austin FC II. El joven de 18 a\u00f1os llega en calidad de pr\u00e9stamo a la MLS Next Pro, categor\u00eda similar a la tercera divisi\u00f3n profesional de Estados Unidos. [&hellip;]<\/p>\n","protected":false},"author":1,"featured_media":12708,"comment_status":"open","ping_status":"closed","sticky":false,"template":"","format":"standard","meta":{"footnotes":""},"categories":[3],"tags":[],"class_list":["post-12706","post","type-post","status-publish","format-standard","has-post-thumbnail","hentry","category-deportes"],"_links":{"self":[{"href":"https:\/\/podernacional.com\/index.php?rest_route=\/wp\/v2\/posts\/12706","targetHints":{"allow":["GET"]}}],"collection":[{"href":"https:\/\/podernacional.com\/index.php?rest_route=\/wp\/v2\/posts"}],"about":[{"href":"https:\/\/podernacional.com\/index.php?rest_route=\/wp\/v2\/types\/post"}],"author":[{"embeddable":true,"href":"https:\/\/podernacional.com\/index.php?rest_route=\/wp\/v2\/users\/1"}],"replies":[{"embeddable":true,"href":"https:\/\/podernacional.com\/index.php?rest_route=%2Fwp%2Fv2%2Fcomments&post=12706"}],"version-history":[{"count":1,"href":"https:\/\/podernacional.com\/index.php?rest_route=\/wp\/v2\/posts\/12706\/revisions"}],"predecessor-version":[{"id":12707,"href":"https:\/\/podernacional.com\/index.php?rest_route=\/wp\/v2\/posts\/12706\/revisions\/12707"}],"wp:featuredmedia":[{"embeddable":true,"href":"https:\/\/podernacional.com\/index.php?rest_route=\/wp\/v2\/media\/12708"}],"wp:attachment":[{"href":"https:\/\/podernacional.com\/index.php?rest_route=%2Fwp%2Fv2%2Fmedia&parent=12706"}],"wp:term":[{"taxonomy":"category","embeddable":true,"href":"https:\/\/podernacional.com\/index.php?rest_route=%2Fwp%2Fv2%2Fcategories&post=12706"},{"taxonomy":"post_tag","embeddable":true,"href":"https:\/\/podernacional.com\/index.php?rest_route=%2Fwp%2Fv2%2Ftags&post=12706"}],"curies":[{"name":"wp","href":"https:\/\/api.w.org\/{rel}","templated":true}]}}