{"id":12734,"date":"2023-02-14T16:29:02","date_gmt":"2023-02-14T21:29:02","guid":{"rendered":"https:\/\/podernacional.com\/?p=12734"},"modified":"2023-02-14T21:29:04","modified_gmt":"2023-02-14T21:29:04","slug":"con-un-formato-hibrido-llega-una-nueva-edicion-del-festival-de-cine-cannabico-a-buenos-aires","status":"publish","type":"post","link":"https:\/\/podernacional.com\/?p=12734","title":{"rendered":"Con un formato h\u00edbrido, llega una nueva edici\u00f3n del Festival de Cine Cann\u00e1bico a Buenos Aires"},"content":{"rendered":"<h4>En su tercera entrega, adem\u00e1s de pel\u00edculas habr\u00e1 tambi\u00e9n conversatorios, debates, talleres, gastronom\u00eda, espect\u00e1culos y m\u00e1s.<\/h4>\n<p>Festival de Cine Cann\u00e1bico: Todas las actividades ser\u00e1n con entrada libre y gratuita<\/p>\n<p>Spot Festival de Cine Cann\u00e1bico<\/p>\n<p>La cultura cann\u00e1bica ha crecido en los \u00faltimos a\u00f1os, sin embargo, todav\u00eda sigue siendo un tema tab\u00fa en muchos sectores.<\/p>\n<p>Aunque sigue estando relacionada con las adicciones o la criminalidad del consumo.<\/p>\n<p>Por esa raz\u00f3n, el Festival de Cine Cann\u00e1bico busca ampliar esa mirada desde un enfoque social.<\/p>\n<p>Adem\u00e1s de estar\u00a0comprometido que logra mayor alcance a trav\u00e9s de lo audiovisual, as\u00ed como a trav\u00e9s de debates y reflexiones.<\/p>\n<p>En ese sentido, la tercera edici\u00f3n del festival se desarrollar\u00e1 en Buenos Aires entre el 15 y el 26 de febrero de 2023.<\/p>\n<p>As\u00ed mismo de que\u00a0continuar\u00e1 entre el 20 de febrero y el 6 de marzo de forma virtual, por Octubre TV.<\/p>\n<p>Charlas, talleres y muchas pel\u00edculas en el Festival de Cine Cann\u00e1bico<\/p>\n<p>\u201cCuando arrancamos a gestar el festival con Alejo Araujo no ten\u00edamos una idea real de la importancia que ten\u00eda el mismo.<\/p>\n<h4>Reci\u00e9n cuando lo concretamos tomamos conciencia de que era necesario el espacio porque nos agradec\u00edan los participantes.<\/h4>\n<p>Al igual de un mont\u00f3n de gente nos dec\u00eda lo que hab\u00eda aprendido con las pel\u00edculas y con las charlas.<\/p>\n<p>Adem\u00e1s, sirvi\u00f3 como un lugar de encuentro para muchas organizaciones.<\/p>\n<p>Tomamos conciencia de todas las movidas que hay alrededor del cannabis, y como estuvieron tapadas por los prejuicios de la ilegalidad.<\/p>\n<p>Adem\u00e1s de\u00a0la clandestinidad o la desinformaci\u00f3n\u201d, cont\u00f3 a Infobae Cultura Malena Bystrowicz, directora.<\/p>\n<p>Al igual de coordinadora de programaci\u00f3n del festival.<\/p>\n<p>Y agreg\u00f3: \u201cLo que queremos es poner en debate a trav\u00e9s del cine el prohibicionismo, la salud mental\u201d.<\/p>\n<p>As\u00ed mismo, el sistema en el que vivimos que en el que todo es mercado, el cuidado del medio ambiente la conexi\u00f3n con la naturaleza.<\/p>\n<p>Adem\u00e1s de la reducci\u00f3n de da\u00f1os, y que no haya m\u00e1s presos por usar drogas o por cultivar lo que sea que cultive cada uno\u201d.<\/p>\n<p>&nbsp;<\/p>\n","protected":false},"excerpt":{"rendered":"<p>En su tercera entrega, adem\u00e1s de pel\u00edculas habr\u00e1 tambi\u00e9n conversatorios, debates, talleres, gastronom\u00eda, espect\u00e1culos y m\u00e1s. Festival de Cine Cann\u00e1bico: Todas las actividades ser\u00e1n con entrada libre y gratuita Spot Festival de Cine Cann\u00e1bico La cultura cann\u00e1bica ha crecido en los \u00faltimos a\u00f1os, sin embargo, todav\u00eda sigue siendo un tema tab\u00fa en muchos sectores. Aunque [&hellip;]<\/p>\n","protected":false},"author":1,"featured_media":12736,"comment_status":"open","ping_status":"closed","sticky":false,"template":"","format":"standard","meta":{"footnotes":""},"categories":[4],"tags":[],"class_list":["post-12734","post","type-post","status-publish","format-standard","has-post-thumbnail","hentry","category-espectaculos"],"_links":{"self":[{"href":"https:\/\/podernacional.com\/index.php?rest_route=\/wp\/v2\/posts\/12734","targetHints":{"allow":["GET"]}}],"collection":[{"href":"https:\/\/podernacional.com\/index.php?rest_route=\/wp\/v2\/posts"}],"about":[{"href":"https:\/\/podernacional.com\/index.php?rest_route=\/wp\/v2\/types\/post"}],"author":[{"embeddable":true,"href":"https:\/\/podernacional.com\/index.php?rest_route=\/wp\/v2\/users\/1"}],"replies":[{"embeddable":true,"href":"https:\/\/podernacional.com\/index.php?rest_route=%2Fwp%2Fv2%2Fcomments&post=12734"}],"version-history":[{"count":1,"href":"https:\/\/podernacional.com\/index.php?rest_route=\/wp\/v2\/posts\/12734\/revisions"}],"predecessor-version":[{"id":12735,"href":"https:\/\/podernacional.com\/index.php?rest_route=\/wp\/v2\/posts\/12734\/revisions\/12735"}],"wp:featuredmedia":[{"embeddable":true,"href":"https:\/\/podernacional.com\/index.php?rest_route=\/wp\/v2\/media\/12736"}],"wp:attachment":[{"href":"https:\/\/podernacional.com\/index.php?rest_route=%2Fwp%2Fv2%2Fmedia&parent=12734"}],"wp:term":[{"taxonomy":"category","embeddable":true,"href":"https:\/\/podernacional.com\/index.php?rest_route=%2Fwp%2Fv2%2Fcategories&post=12734"},{"taxonomy":"post_tag","embeddable":true,"href":"https:\/\/podernacional.com\/index.php?rest_route=%2Fwp%2Fv2%2Ftags&post=12734"}],"curies":[{"name":"wp","href":"https:\/\/api.w.org\/{rel}","templated":true}]}}