{"id":12737,"date":"2023-02-14T16:32:44","date_gmt":"2023-02-14T21:32:44","guid":{"rendered":"https:\/\/podernacional.com\/?p=12737"},"modified":"2023-02-14T21:32:45","modified_gmt":"2023-02-14T21:32:45","slug":"el-gobierno-provincial-promueve-la-igualdad-de-genero-en-el-deporte","status":"publish","type":"post","link":"https:\/\/podernacional.com\/?p=12737","title":{"rendered":"El gobierno provincial promueve la igualdad de g\u00e9nero en el deporte"},"content":{"rendered":"<h4>Como parte de las pol\u00edticas de igualdad y g\u00e9nero, el gobierno provincial, a trav\u00e9s de la Secretar\u00eda de Deportes, promueve.<\/h4>\n<p><a href=\"https:\/\/whatsappmexico.com\/?p=11995\">Promueve<\/a> la igualdad de g\u00e9nero: Al igual de que estimula la pr\u00e1ctica del deporte femenino en todo el territorio entrerriano como instrumento transformador de la sociedad.<\/p>\n<p>En ese marco, el secretario de Deportes, Jos\u00e9 G\u00f3mez, estuvo en las instalaciones del Club Don Bosco de Paran\u00e1.<\/p>\n<p>Esto\u00a0en la presentaci\u00f3n del Torneo Interligas de F\u00fatbol Femenino Copa Royal Group.<\/p>\n<p>El cual\u00a0busca consolidar la relaci\u00f3n deportiva de las Ligas Paranaense de F\u00fatbol y Paran\u00e1 Campa\u00f1a.<\/p>\n<p>\u201cDesde el gobierno provincial trabajamos todos los d\u00edas para que mujeres de todas las edades inicien\u201d.<\/p>\n<p>\u201cAdem\u00e1s de que\u00a0contin\u00faen practicando deportes en un contexto justo e igualitario\u201d.<\/p>\n<p>\u201cEl objetivo es establecer mecanismos de acci\u00f3n que aseguren la igualdad de oportunidades en el deporte\u201d.<\/p>\n<h4>Esto\u00a0expres\u00f3 el secretario de Deportes en el lanzamiento del Torneo Interligas de F\u00fatbol Femenino.<\/h4>\n<p>El funcionario agreg\u00f3: \u201cEstamos apoyando la iniciativa de estas dos instituciones tan importantes, como las Ligas Paranaense de F\u00fatbol\u201d.<\/p>\n<p>\u201cAl igual que\u00a0Paran\u00e1 Campa\u00f1a, esta \u00faltima que dio un paso fundamental para incorporar la rama femenina en 2022.<\/p>\n<p>Sin dudas, este torneo fortalece el trabajo en b\u00fasqueda del objetivo de lograr mayor equidad de g\u00e9nero en el deporte.<\/p>\n<p>\u201cDesde la provincia alentamos y respaldamos esta competencia\u201d.<\/p>\n<p>El gobierno provincial apunta por seguir trabajando en esta l\u00ednea en el deporte femenino.<\/p>\n<p>El cual lo est\u00e1 consider\u00e1ndolo un elemento fundamental para el desarrollo y crecimiento en todas las localidades entrerrianas.<\/p>\n<p>As\u00ed como de\u00a0un instrumento para visibilizar, sensibilizar y transformar la realidad de las diferentes disciplinas deportivas.<\/p>\n<p>Adem\u00e1s, fomenta el desarrollo y mejoramiento de la infraestructura deportiva con perspectiva de g\u00e9nero.<\/p>\n<p>As\u00ed mismo como estar\u00a0orientando la integraci\u00f3n e inclusi\u00f3n de las mujeres y diversidades en \u00e1mbitos deportivos.<\/p>\n","protected":false},"excerpt":{"rendered":"<p>Como parte de las pol\u00edticas de igualdad y g\u00e9nero, el gobierno provincial, a trav\u00e9s de la Secretar\u00eda de Deportes, promueve. Promueve la igualdad de g\u00e9nero: Al igual de que estimula la pr\u00e1ctica del deporte femenino en todo el territorio entrerriano como instrumento transformador de la sociedad. En ese marco, el secretario de Deportes, Jos\u00e9 G\u00f3mez, [&hellip;]<\/p>\n","protected":false},"author":1,"featured_media":12739,"comment_status":"open","ping_status":"closed","sticky":false,"template":"","format":"standard","meta":{"footnotes":""},"categories":[3],"tags":[],"class_list":["post-12737","post","type-post","status-publish","format-standard","has-post-thumbnail","hentry","category-deportes"],"_links":{"self":[{"href":"https:\/\/podernacional.com\/index.php?rest_route=\/wp\/v2\/posts\/12737","targetHints":{"allow":["GET"]}}],"collection":[{"href":"https:\/\/podernacional.com\/index.php?rest_route=\/wp\/v2\/posts"}],"about":[{"href":"https:\/\/podernacional.com\/index.php?rest_route=\/wp\/v2\/types\/post"}],"author":[{"embeddable":true,"href":"https:\/\/podernacional.com\/index.php?rest_route=\/wp\/v2\/users\/1"}],"replies":[{"embeddable":true,"href":"https:\/\/podernacional.com\/index.php?rest_route=%2Fwp%2Fv2%2Fcomments&post=12737"}],"version-history":[{"count":1,"href":"https:\/\/podernacional.com\/index.php?rest_route=\/wp\/v2\/posts\/12737\/revisions"}],"predecessor-version":[{"id":12738,"href":"https:\/\/podernacional.com\/index.php?rest_route=\/wp\/v2\/posts\/12737\/revisions\/12738"}],"wp:featuredmedia":[{"embeddable":true,"href":"https:\/\/podernacional.com\/index.php?rest_route=\/wp\/v2\/media\/12739"}],"wp:attachment":[{"href":"https:\/\/podernacional.com\/index.php?rest_route=%2Fwp%2Fv2%2Fmedia&parent=12737"}],"wp:term":[{"taxonomy":"category","embeddable":true,"href":"https:\/\/podernacional.com\/index.php?rest_route=%2Fwp%2Fv2%2Fcategories&post=12737"},{"taxonomy":"post_tag","embeddable":true,"href":"https:\/\/podernacional.com\/index.php?rest_route=%2Fwp%2Fv2%2Ftags&post=12737"}],"curies":[{"name":"wp","href":"https:\/\/api.w.org\/{rel}","templated":true}]}}