{"id":12740,"date":"2023-02-14T16:35:53","date_gmt":"2023-02-14T21:35:53","guid":{"rendered":"https:\/\/podernacional.com\/?p=12740"},"modified":"2023-02-14T21:35:54","modified_gmt":"2023-02-14T21:35:54","slug":"jakub-jankto-se-convierte-en-el-primer-futbolista-internacional-en-declararse-gay","status":"publish","type":"post","link":"https:\/\/podernacional.com\/?p=12740","title":{"rendered":"Jakub Jankto se convierte en el primer futbolista internacional en declararse gay"},"content":{"rendered":"<h4>Jakub Jankto con la selecci\u00f3n de la Rep\u00fablica Checa.<\/h4>\n<p>Jakub Jankto: \u00abSoy homosexual y no quiero seguir ocult\u00e1ndome\u00bb.<\/p>\n<p>Son las palabras del checo Jakub Jankto, el primer futbolista internacional masculino que se declara p\u00fablicamente gay.<\/p>\n<p>El centrocampista de 27 a\u00f1os, que juega en el Sparta de Praga cedido por el Getafe de la liga espa\u00f1ola.<\/p>\n<p>Esto lo anunci\u00f3 este lunes en un v\u00eddeo difundido ampliamente en Twitter.<\/p>\n<p>Otros jugadores de f\u00fatbol hab\u00edan salido del armario antes.<\/p>\n<p>Pero \u00e9l es el primero del mundo en hacerlo formando parte activa de la selecci\u00f3n absoluta de su pa\u00eds.<\/p>\n<p>Jankto ha marcado cuatro goles en 45 partidos con la selecci\u00f3n de la Rep\u00fablica Checa desde su debut en 2017.<\/p>\n<h4>\u00abQuiero vivir sin miedos ni prejuicios\u00bb<\/h4>\n<p>\u00abComo todas las personas tengo mis fortalezas, tengo mis debilidades, tengo una familia, tengo mis amigos\u00bb, dijo.<\/p>\n<p>Y sigui\u00f3: \u00abTengo un trabajo que desde hace a\u00f1os hago lo mejor que puedo con seriedad, profesionalidad y pasi\u00f3n\u00bb.<\/p>\n<p>\u00abTambi\u00e9n quiero vivir mi vida en libertad sin miedos, sin prejuicios, sin violencia y con amor\u00bb, concluy\u00f3.<\/p>\n<p>Jake Daniels, del club ingl\u00e9s Blackpool, se convirti\u00f3 el a\u00f1o pasado en el primer jugador profesional masculino.<\/p>\n<p>Esto\u00a0en activo en salir del armario en m\u00e1s de 30 a\u00f1os en Reino Unido.<\/p>\n<p>El anterior hab\u00eda sido Justin Fashanu quien, tras su confesi\u00f3n p\u00fablica en 1990.<\/p>\n<p>El cual adem\u00e1s de que\u00a0sigui\u00f3 jugando en clubes de Inglaterra y Escocia, pero acab\u00f3 suicid\u00e1ndose.<\/p>\n<p>Antes de que Jankto saliera del cl\u00f3set, Josh Cavallo, del Adelaide United australiano.<\/p>\n<p>Aunque\u00a0era el \u00fanico futbolista profesional masculino de primer nivel abiertamente gay en el mundo.<\/p>\n<p>Esto\u00a0desde que el pasado octubre anunciara su orientaci\u00f3n sexual.<\/p>\n<h4>Mensajes de apoyo<\/h4>\n<p>El Sparta de Praga anunci\u00f3 que Jankto hab\u00eda abordado abiertamente el tema \u00abhac\u00eda alg\u00fan tiempo\u00bb con la gerencia.<\/p>\n<p>Al igual que con\u00a0el entrenador y los compa\u00f1eros del club.<\/p>\n","protected":false},"excerpt":{"rendered":"<p>Jakub Jankto con la selecci\u00f3n de la Rep\u00fablica Checa. Jakub Jankto: \u00abSoy homosexual y no quiero seguir ocult\u00e1ndome\u00bb. Son las palabras del checo Jakub Jankto, el primer futbolista internacional masculino que se declara p\u00fablicamente gay. El centrocampista de 27 a\u00f1os, que juega en el Sparta de Praga cedido por el Getafe de la liga espa\u00f1ola. [&hellip;]<\/p>\n","protected":false},"author":1,"featured_media":12742,"comment_status":"open","ping_status":"closed","sticky":false,"template":"","format":"standard","meta":{"footnotes":""},"categories":[5],"tags":[],"class_list":["post-12740","post","type-post","status-publish","format-standard","has-post-thumbnail","hentry","category-internacional"],"_links":{"self":[{"href":"https:\/\/podernacional.com\/index.php?rest_route=\/wp\/v2\/posts\/12740","targetHints":{"allow":["GET"]}}],"collection":[{"href":"https:\/\/podernacional.com\/index.php?rest_route=\/wp\/v2\/posts"}],"about":[{"href":"https:\/\/podernacional.com\/index.php?rest_route=\/wp\/v2\/types\/post"}],"author":[{"embeddable":true,"href":"https:\/\/podernacional.com\/index.php?rest_route=\/wp\/v2\/users\/1"}],"replies":[{"embeddable":true,"href":"https:\/\/podernacional.com\/index.php?rest_route=%2Fwp%2Fv2%2Fcomments&post=12740"}],"version-history":[{"count":1,"href":"https:\/\/podernacional.com\/index.php?rest_route=\/wp\/v2\/posts\/12740\/revisions"}],"predecessor-version":[{"id":12741,"href":"https:\/\/podernacional.com\/index.php?rest_route=\/wp\/v2\/posts\/12740\/revisions\/12741"}],"wp:featuredmedia":[{"embeddable":true,"href":"https:\/\/podernacional.com\/index.php?rest_route=\/wp\/v2\/media\/12742"}],"wp:attachment":[{"href":"https:\/\/podernacional.com\/index.php?rest_route=%2Fwp%2Fv2%2Fmedia&parent=12740"}],"wp:term":[{"taxonomy":"category","embeddable":true,"href":"https:\/\/podernacional.com\/index.php?rest_route=%2Fwp%2Fv2%2Fcategories&post=12740"},{"taxonomy":"post_tag","embeddable":true,"href":"https:\/\/podernacional.com\/index.php?rest_route=%2Fwp%2Fv2%2Ftags&post=12740"}],"curies":[{"name":"wp","href":"https:\/\/api.w.org\/{rel}","templated":true}]}}