{"id":12743,"date":"2023-02-14T16:39:13","date_gmt":"2023-02-14T21:39:13","guid":{"rendered":"https:\/\/podernacional.com\/?p=12743"},"modified":"2023-02-14T21:39:14","modified_gmt":"2023-02-14T21:39:14","slug":"municipio-de-el-marques-conmemora-dia-internacional-del-condon","status":"publish","type":"post","link":"https:\/\/podernacional.com\/?p=12743","title":{"rendered":"Municipio de El Marqu\u00e9s conmemora D\u00eda Internacional del Cond\u00f3n"},"content":{"rendered":"<h4>El municipio de El Marqu\u00e9s, a trav\u00e9s del Instituto para Prevenir Adicciones y Conductas de Riesgo, \u201cCentro Vive\u201d.<\/h4>\n<p>D\u00eda Internacional del Cond\u00f3n: El cual se menciona de que conmemor\u00f3 el D\u00eda Internacional del Cond\u00f3n, con la finalidad de crear conciencia.<\/p>\n<p>Esto\u00a0para asumir una sexualidad responsable y evitar enfermedades de transmisi\u00f3n sexual (ETS) o embarazos no deseados.<\/p>\n<p>Al respecto, el director del \u00abCentro Vive\u201d, Rafael Jim\u00e9nez L\u00f3pez, indic\u00f3 que la Fundaci\u00f3n Heart Care.<\/p>\n<p>El cual mencionan de que propuso establecer el 13 de febrero, como el \u201cD\u00eda Internacional del Cond\u00f3n\u201d.<\/p>\n<p>Esto debido a que el uso del preservativo contin\u00faa siendo el m\u00e9todo m\u00e1s efectivo para prevenir el VIH o embarazos no planeados.<\/p>\n<p>Es\u00a0por ello, -dijo- es necesario continuar promoviendo su uso.<\/p>\n<h4>\u201cLos condones son la forma m\u00e1s efectiva de prevenir el VIH y otras enfermedades de transmisi\u00f3n sexual (ETS) \u201c.<\/h4>\n<p>\u201cAs\u00ed como de embarazos no deseados o no planeados. Ahora es momento de fomentar estas actividades\u201d.<\/p>\n<p>\u201cEl D\u00eda Internacional de Cond\u00f3n es un d\u00eda para destacar el uso de este\u201d.<\/p>\n<p>Indic\u00f3 que el \u201cD\u00eda Internacional del Cond\u00f3n\u201d tiene la finalidad de informar a la poblaci\u00f3n sobre la importancia del uso del cond\u00f3n.<\/p>\n<p>Esto\u00a0como m\u00e9todo anticonceptivo, prevenir las ETS e incrementar su acceso a nivel global.<\/p>\n<p>Al finalizar el evento, en los cruceros de la comunidad de Jes\u00fas Mar\u00eda, el Centro Vive reparti\u00f3 kits con informaci\u00f3n.<\/p>\n<p>As\u00ed como\u00a0sobre las medidas preventivas y sexualidad responsable.<\/p>\n<p>En esta conmemoraci\u00f3n, se cont\u00f3 con la asistencia del director general del DIF Municipal, Mart\u00edn D\u00edaz Pacheco.<\/p>\n<p>La secretaria de Atenci\u00f3n Ciudadana, Crecencia Cruz Moreno; la directora del \u00c1rea M\u00e9dica del DIF Municipal de El Marqu\u00e9s.<\/p>\n<p>Adem\u00e1s de\u00a0Diana Lidia D\u00edaz P\u00e9rez; as\u00ed como las regidoras del Ayuntamiento, Claudia Mart\u00ednez Guevara, Elisa Rend\u00f3n Guerrero.<\/p>\n<p>As\u00ed como de\u00a0Alma Adriana Guzm\u00e1n Ru\u00edz, Mar\u00eda Guadalupe Huerta, y la subdelegada de la comunidad de San Isidro Miranda, Liliana Resendiz.<\/p>\n","protected":false},"excerpt":{"rendered":"<p>El municipio de El Marqu\u00e9s, a trav\u00e9s del Instituto para Prevenir Adicciones y Conductas de Riesgo, \u201cCentro Vive\u201d. D\u00eda Internacional del Cond\u00f3n: El cual se menciona de que conmemor\u00f3 el D\u00eda Internacional del Cond\u00f3n, con la finalidad de crear conciencia. Esto\u00a0para asumir una sexualidad responsable y evitar enfermedades de transmisi\u00f3n sexual (ETS) o embarazos no [&hellip;]<\/p>\n","protected":false},"author":1,"featured_media":12745,"comment_status":"open","ping_status":"closed","sticky":false,"template":"","format":"standard","meta":{"footnotes":""},"categories":[11],"tags":[],"class_list":["post-12743","post","type-post","status-publish","format-standard","has-post-thumbnail","hentry","category-salud"],"_links":{"self":[{"href":"https:\/\/podernacional.com\/index.php?rest_route=\/wp\/v2\/posts\/12743","targetHints":{"allow":["GET"]}}],"collection":[{"href":"https:\/\/podernacional.com\/index.php?rest_route=\/wp\/v2\/posts"}],"about":[{"href":"https:\/\/podernacional.com\/index.php?rest_route=\/wp\/v2\/types\/post"}],"author":[{"embeddable":true,"href":"https:\/\/podernacional.com\/index.php?rest_route=\/wp\/v2\/users\/1"}],"replies":[{"embeddable":true,"href":"https:\/\/podernacional.com\/index.php?rest_route=%2Fwp%2Fv2%2Fcomments&post=12743"}],"version-history":[{"count":1,"href":"https:\/\/podernacional.com\/index.php?rest_route=\/wp\/v2\/posts\/12743\/revisions"}],"predecessor-version":[{"id":12744,"href":"https:\/\/podernacional.com\/index.php?rest_route=\/wp\/v2\/posts\/12743\/revisions\/12744"}],"wp:featuredmedia":[{"embeddable":true,"href":"https:\/\/podernacional.com\/index.php?rest_route=\/wp\/v2\/media\/12745"}],"wp:attachment":[{"href":"https:\/\/podernacional.com\/index.php?rest_route=%2Fwp%2Fv2%2Fmedia&parent=12743"}],"wp:term":[{"taxonomy":"category","embeddable":true,"href":"https:\/\/podernacional.com\/index.php?rest_route=%2Fwp%2Fv2%2Fcategories&post=12743"},{"taxonomy":"post_tag","embeddable":true,"href":"https:\/\/podernacional.com\/index.php?rest_route=%2Fwp%2Fv2%2Ftags&post=12743"}],"curies":[{"name":"wp","href":"https:\/\/api.w.org\/{rel}","templated":true}]}}