{"id":12746,"date":"2023-02-14T16:42:30","date_gmt":"2023-02-14T21:42:30","guid":{"rendered":"https:\/\/podernacional.com\/?p=12746"},"modified":"2023-02-14T21:42:33","modified_gmt":"2023-02-14T21:42:33","slug":"asi-pueden-participar-las-empresas-queretanas-en-el-programa-potencializador-internacional","status":"publish","type":"post","link":"https:\/\/podernacional.com\/?p=12746","title":{"rendered":"As\u00ed pueden participar las empresas queretanas en el programa Potencializador Internacional"},"content":{"rendered":"<h4>La Secretar\u00eda de Desarrollo Sustentable (SEDESU) de Quer\u00e9taro, en conjunto con Startup M\u00e9xico.<\/h4>\n<p><a href=\"https:\/\/whatsappmexico.com\/?p=12004\">Potencializador<\/a> Internacional: El cual mencionan de que dieron a conocer la convocatoria para participar en el programa \u00abPotencializador Internacional\u201d.<\/p>\n<p>Esto\u00a0con el objetivo de llevar a medianas y grandes empresas queretanas a nuevos mercados.<\/p>\n<p>Este programa se llevar\u00e1 a cabo del 8 de marzo al 15 de mayo del 2023 y se realizar\u00e1n 30 horas de capacitaci\u00f3n online.<\/p>\n<p>As\u00ed como de\u00a0una sesi\u00f3n de networking presencial y una sesi\u00f3n de consejo con retroalimentaci\u00f3n.<\/p>\n<p>De igual forma, durante esas nueve semanas se trabajar\u00e1 en un plan de innovaci\u00f3n que permitir\u00e1 dise\u00f1ar una ruta de transformaci\u00f3n.<\/p>\n<p>Esto\u00a0de negocio con conocimientos generales para adecuar procesos y modelos.<\/p>\n<h4>\u00bfC\u00f3mo inscribirse en el programa Potencializador Internacional?<\/h4>\n<p>La fecha l\u00edmite de inscripci\u00f3n ser\u00e1 el 28 de febrero de 2023, los interesados deber\u00e1n registrarse en un formulario de Google.<\/p>\n<p>Adem\u00e1s de\u00a0cubrir una cuota de inscripci\u00f3n de mil 500 pesos.<\/p>\n<p>Cabe se\u00f1alar que en esta convocatoria pueden participar medianas y grandes empresas de Quer\u00e9taro, persona f\u00edsica o moral con actividad empresarial.<\/p>\n<p>Adem\u00e1s de due\u00f1os de negocios, jefaturas de departamentos, mandos medios y superiores.<\/p>\n<p>As\u00ed pueden participar las empresas queretanas en el programa Potencializador Internacional<\/p>\n<p>&nbsp;<\/p>\n","protected":false},"excerpt":{"rendered":"<p>La Secretar\u00eda de Desarrollo Sustentable (SEDESU) de Quer\u00e9taro, en conjunto con Startup M\u00e9xico. Potencializador Internacional: El cual mencionan de que dieron a conocer la convocatoria para participar en el programa \u00abPotencializador Internacional\u201d. Esto\u00a0con el objetivo de llevar a medianas y grandes empresas queretanas a nuevos mercados. Este programa se llevar\u00e1 a cabo del 8 de [&hellip;]<\/p>\n","protected":false},"author":1,"featured_media":12748,"comment_status":"open","ping_status":"closed","sticky":false,"template":"","format":"standard","meta":{"footnotes":""},"categories":[9],"tags":[],"class_list":["post-12746","post","type-post","status-publish","format-standard","has-post-thumbnail","hentry","category-politica"],"_links":{"self":[{"href":"https:\/\/podernacional.com\/index.php?rest_route=\/wp\/v2\/posts\/12746","targetHints":{"allow":["GET"]}}],"collection":[{"href":"https:\/\/podernacional.com\/index.php?rest_route=\/wp\/v2\/posts"}],"about":[{"href":"https:\/\/podernacional.com\/index.php?rest_route=\/wp\/v2\/types\/post"}],"author":[{"embeddable":true,"href":"https:\/\/podernacional.com\/index.php?rest_route=\/wp\/v2\/users\/1"}],"replies":[{"embeddable":true,"href":"https:\/\/podernacional.com\/index.php?rest_route=%2Fwp%2Fv2%2Fcomments&post=12746"}],"version-history":[{"count":1,"href":"https:\/\/podernacional.com\/index.php?rest_route=\/wp\/v2\/posts\/12746\/revisions"}],"predecessor-version":[{"id":12747,"href":"https:\/\/podernacional.com\/index.php?rest_route=\/wp\/v2\/posts\/12746\/revisions\/12747"}],"wp:featuredmedia":[{"embeddable":true,"href":"https:\/\/podernacional.com\/index.php?rest_route=\/wp\/v2\/media\/12748"}],"wp:attachment":[{"href":"https:\/\/podernacional.com\/index.php?rest_route=%2Fwp%2Fv2%2Fmedia&parent=12746"}],"wp:term":[{"taxonomy":"category","embeddable":true,"href":"https:\/\/podernacional.com\/index.php?rest_route=%2Fwp%2Fv2%2Fcategories&post=12746"},{"taxonomy":"post_tag","embeddable":true,"href":"https:\/\/podernacional.com\/index.php?rest_route=%2Fwp%2Fv2%2Ftags&post=12746"}],"curies":[{"name":"wp","href":"https:\/\/api.w.org\/{rel}","templated":true}]}}