{"id":12764,"date":"2023-02-15T10:57:39","date_gmt":"2023-02-15T15:57:39","guid":{"rendered":"https:\/\/podernacional.com\/?p=12764"},"modified":"2023-02-15T15:57:57","modified_gmt":"2023-02-15T15:57:57","slug":"frida-escobedo-primera-mexicana-en-disenar-una-ala-del-met-de-nueva-york","status":"publish","type":"post","link":"https:\/\/podernacional.com\/?p=12764","title":{"rendered":"Frida Escobedo, primera mexicana en dise\u00f1ar una ala del Met de Nueva York"},"content":{"rendered":"<p>La arquitecta mexicana Frida Escobedo ser\u00e1 la primera mujer en dise\u00f1ar un ala del prestigioso Museo de Arte Metropolitano de Nueva York, inform\u00f3 el museo el lunes en un comunicado.<\/p>\n<p>Escobedo, quien mont\u00f3 su taller en Ciudad de M\u00e9xico en 2006 y cobr\u00f3 renombre internacional a partir de 2018, cuando la encargaron el dise\u00f1o del Serpentine Pavilion anual en los jardines de Kensington en Londres, estar\u00e1 a cargo de la completa remodelaci\u00f3n del ala Tang del Met, una galer\u00eda de arte moderno y contempor\u00e1neo.<\/p>\n<p>\u201cEs un honor ser seleccionada para esta reinvenci\u00f3n arquitect\u00f3nica hist\u00f3rica\u201d, dijo Escobedo, cuyos proyectos destacados en M\u00e9xico incluyen una intervenci\u00f3n en el museo, taller y residencia art\u00edstica La Tallera Siqueiros de Cuernavaca, al sur de la capital, que fue la casa y estudio del muralista David Alfaro Siqueiros en sus \u00faltimos a\u00f1os de vida.<\/p>\n<p>Se\u00f1al\u00f3 que el ala Tang del Met representa \u201cuna oportunidad para dar nueva vida al arte del museo desde los siglos XX y XXI; para celebrar la din\u00e1mica que podemos encontrar dentro del arte de diferentes \u00e9pocas, geograf\u00edas e ideolog\u00edas; y para descubrir nuevos espacios para la autorreflexi\u00f3n y la conexi\u00f3n con los dem\u00e1s\u201d.<\/p>\n<p>Max Hollein, director del museo en Nueva York, elogi\u00f3 a Escobedo por manejar \u201cla arquitectura como una forma de crear poderosas experiencias espaciales y comunitarias\u201d.<\/p>\n<p>\u00abHa demostrado destreza y sensibilidad en su uso elegante del material, al tiempo que brinda una atenci\u00f3n sincera a los problemas socioecon\u00f3micos y ecol\u00f3gicos de la actualidad\u201d, dijo.<\/p>\n<p>El proyecto de remodelaci\u00f3n, con un costo estimado en 500 millones de d\u00f3lares, abarca casi 7 mil 500 metros cuadrados de espacios p\u00fablicos, con un edificio que conectar\u00e1 los diversos estilos arquitect\u00f3nicos del museo y sugerir\u00e1 una narrativa no cronol\u00f3gica, seg\u00fan el Met.<\/p>\n<p>&nbsp;<\/p>\n","protected":false},"excerpt":{"rendered":"<p>La arquitecta mexicana Frida Escobedo ser\u00e1 la primera mujer en dise\u00f1ar un ala del prestigioso Museo de Arte Metropolitano de Nueva York, inform\u00f3 el museo el lunes en un comunicado. Escobedo, quien mont\u00f3 su taller en Ciudad de M\u00e9xico en 2006 y cobr\u00f3 renombre internacional a partir de 2018, cuando la encargaron el dise\u00f1o del [&hellip;]<\/p>\n","protected":false},"author":1,"featured_media":12766,"comment_status":"open","ping_status":"closed","sticky":false,"template":"","format":"standard","meta":{"footnotes":""},"categories":[5],"tags":[],"class_list":["post-12764","post","type-post","status-publish","format-standard","has-post-thumbnail","hentry","category-internacional"],"_links":{"self":[{"href":"https:\/\/podernacional.com\/index.php?rest_route=\/wp\/v2\/posts\/12764","targetHints":{"allow":["GET"]}}],"collection":[{"href":"https:\/\/podernacional.com\/index.php?rest_route=\/wp\/v2\/posts"}],"about":[{"href":"https:\/\/podernacional.com\/index.php?rest_route=\/wp\/v2\/types\/post"}],"author":[{"embeddable":true,"href":"https:\/\/podernacional.com\/index.php?rest_route=\/wp\/v2\/users\/1"}],"replies":[{"embeddable":true,"href":"https:\/\/podernacional.com\/index.php?rest_route=%2Fwp%2Fv2%2Fcomments&post=12764"}],"version-history":[{"count":1,"href":"https:\/\/podernacional.com\/index.php?rest_route=\/wp\/v2\/posts\/12764\/revisions"}],"predecessor-version":[{"id":12765,"href":"https:\/\/podernacional.com\/index.php?rest_route=\/wp\/v2\/posts\/12764\/revisions\/12765"}],"wp:featuredmedia":[{"embeddable":true,"href":"https:\/\/podernacional.com\/index.php?rest_route=\/wp\/v2\/media\/12766"}],"wp:attachment":[{"href":"https:\/\/podernacional.com\/index.php?rest_route=%2Fwp%2Fv2%2Fmedia&parent=12764"}],"wp:term":[{"taxonomy":"category","embeddable":true,"href":"https:\/\/podernacional.com\/index.php?rest_route=%2Fwp%2Fv2%2Fcategories&post=12764"},{"taxonomy":"post_tag","embeddable":true,"href":"https:\/\/podernacional.com\/index.php?rest_route=%2Fwp%2Fv2%2Ftags&post=12764"}],"curies":[{"name":"wp","href":"https:\/\/api.w.org\/{rel}","templated":true}]}}