{"id":12779,"date":"2023-02-15T15:57:35","date_gmt":"2023-02-15T20:57:35","guid":{"rendered":"https:\/\/podernacional.com\/?p=12779"},"modified":"2023-02-15T20:57:36","modified_gmt":"2023-02-15T20:57:36","slug":"abc-art-baja-california-un-festival-que-explora-la-cultura-de-la-frontera","status":"publish","type":"post","link":"https:\/\/podernacional.com\/?p=12779","title":{"rendered":"ABC Art Baja California: un festival que explora la cultura de la frontera"},"content":{"rendered":"<h4>Zona Maco busca impulsar el arte de la regi\u00f3n fronteriza con este festival<\/h4>\n<p><a href=\"https:\/\/whatsappmexico.com\/\">ABC<\/a> Art Baja California: Santa Terra, Todos Santos, donde se llevar\u00e1 a cabo el patio escult\u00f3rico del festival.<\/p>\n<p>ABC Art Baja California es un nuevo festival cultural que se realizar\u00e1 en las localidades de La Paz, San Jos\u00e9 y Todos Santo.<\/p>\n<p>Esto\u00a0del 10 de marzo al 23 de abril. El evento es organizado por la fundadora de Zona Maco, Z\u00e9lika Garc\u00eda.<\/p>\n<p>As\u00ed como\u00a0con la direcci\u00f3n creativa de Juan Canela.<\/p>\n<p>Este festival contar\u00e1 con poco m\u00e1s de 40 artistas participantes -entre los que se encuentran Perla Krauze, Jos\u00e9 D\u00e1vila, Aldo Chaparro, entre otros.<\/p>\n<p>Adem\u00e1s de que\u00a0contar\u00e1 con dos programas.<\/p>\n<p>El primero es \u201cLo local\u201d, que consistir\u00e1 en tres circuitos que abarcar\u00e1 a galer\u00edas, restaurantes, museos y hoteles de las zonas.<\/p>\n<h4>As\u00ed\u00a0como la Galer\u00eda Enrique Guerrero y el Museo regional de Antropolog\u00eda e Historia de Baja California Sur, por mencionar unos ejemplos.<\/h4>\n<p>El segundo es \u201cEl Patio by Zona Maco\u201d, que se realizar\u00e1 en un \u00e1rea de m\u00e1s de 7 mil metros cuadrados en Santa Terra.<\/p>\n<p>Ah\u00ed se exhibir\u00e1n y vender\u00e1n esculturas e instalaciones, que ser\u00e1n colocadas al aire libre.<\/p>\n<p>Este programa surge de la experiencia de la pandemia de Covid-19 en el que adem\u00e1s de un circuito de galer\u00edas.<\/p>\n<p>Al igual de que\u00a0hicieron El Patio, donde colocaron arte en el espacio p\u00fablico.<\/p>\n<p>En el festival habr\u00e1 escultura, instalaciones, proyectos participativos, performance y NFT\u2019s.<\/p>\n<p>Estos\u00a0seleccionados por el comit\u00e9 curatorial conformado por Direlia Lazo, Elo\u00edsa Hern\u00e1ndez, Jos\u00e9 Roca, Mar\u00eda Elena Ortiz y Pilar Tompkins Rivas.<\/p>\n<p>\u201cEs muy vers\u00e1til la propuesta. Habr\u00e1 performance durante la primera semana\u201d.<\/p>\n<p>\u201cAs\u00ed como\u00a0los dem\u00e1s d\u00edas habr\u00e1 instalaciones que proponen explorar la obra<\/p>\n<p>Esto\u00a0\u201cdesde otra perspectiva, m\u00e1s all\u00e1 de la contemplaci\u00f3n\u201d, detall\u00f3 la curadora Direlia Lazo.<\/p>\n","protected":false},"excerpt":{"rendered":"<p>Zona Maco busca impulsar el arte de la regi\u00f3n fronteriza con este festival ABC Art Baja California: Santa Terra, Todos Santos, donde se llevar\u00e1 a cabo el patio escult\u00f3rico del festival. ABC Art Baja California es un nuevo festival cultural que se realizar\u00e1 en las localidades de La Paz, San Jos\u00e9 y Todos Santo. Esto\u00a0del [&hellip;]<\/p>\n","protected":false},"author":1,"featured_media":12781,"comment_status":"open","ping_status":"closed","sticky":false,"template":"","format":"standard","meta":{"footnotes":""},"categories":[2],"tags":[],"class_list":["post-12779","post","type-post","status-publish","format-standard","has-post-thumbnail","hentry","category-cultural"],"_links":{"self":[{"href":"https:\/\/podernacional.com\/index.php?rest_route=\/wp\/v2\/posts\/12779","targetHints":{"allow":["GET"]}}],"collection":[{"href":"https:\/\/podernacional.com\/index.php?rest_route=\/wp\/v2\/posts"}],"about":[{"href":"https:\/\/podernacional.com\/index.php?rest_route=\/wp\/v2\/types\/post"}],"author":[{"embeddable":true,"href":"https:\/\/podernacional.com\/index.php?rest_route=\/wp\/v2\/users\/1"}],"replies":[{"embeddable":true,"href":"https:\/\/podernacional.com\/index.php?rest_route=%2Fwp%2Fv2%2Fcomments&post=12779"}],"version-history":[{"count":1,"href":"https:\/\/podernacional.com\/index.php?rest_route=\/wp\/v2\/posts\/12779\/revisions"}],"predecessor-version":[{"id":12780,"href":"https:\/\/podernacional.com\/index.php?rest_route=\/wp\/v2\/posts\/12779\/revisions\/12780"}],"wp:featuredmedia":[{"embeddable":true,"href":"https:\/\/podernacional.com\/index.php?rest_route=\/wp\/v2\/media\/12781"}],"wp:attachment":[{"href":"https:\/\/podernacional.com\/index.php?rest_route=%2Fwp%2Fv2%2Fmedia&parent=12779"}],"wp:term":[{"taxonomy":"category","embeddable":true,"href":"https:\/\/podernacional.com\/index.php?rest_route=%2Fwp%2Fv2%2Fcategories&post=12779"},{"taxonomy":"post_tag","embeddable":true,"href":"https:\/\/podernacional.com\/index.php?rest_route=%2Fwp%2Fv2%2Ftags&post=12779"}],"curies":[{"name":"wp","href":"https:\/\/api.w.org\/{rel}","templated":true}]}}