{"id":12788,"date":"2023-02-15T16:16:33","date_gmt":"2023-02-15T21:16:33","guid":{"rendered":"https:\/\/podernacional.com\/?p=12788"},"modified":"2023-02-15T21:16:34","modified_gmt":"2023-02-15T21:16:34","slug":"conmemora-gobierno-de-morelos-dia-internacional-de-la-lucha-contra-el-cancer-infantil","status":"publish","type":"post","link":"https:\/\/podernacional.com\/?p=12788","title":{"rendered":"Conmemora Gobierno de Morelos D\u00eda Internacional de la Lucha contra el C\u00e1ncer Infantil"},"content":{"rendered":"<h4>Del 2020 al 2022, se capacitaron a m\u00e1s de dos mil trabajadores de salud para fortalecer el diagn\u00f3stico oportuno<\/h4>\n<p>Lucha contra el C\u00e1ncer Infantil: Al conmemorar el D\u00eda Internacional de la Lucha contra el C\u00e1ncer Infantil, la Secretar\u00eda de Salud refrend\u00f3 el compromiso del Gobierno estatal.<\/p>\n<p>El cual est\u00e1\u00a0encabezado por Cuauht\u00e9moc Blanco Bravo, a favor de ni\u00f1as, ni\u00f1os y adolescentes en el estado.<\/p>\n<p>En este sentido, el director general de Servicios de Salud de Morelos (SSM), H\u00e9ctor Bar\u00f3n Olivares.<\/p>\n<p>Esto lo explic\u00f3 que gracias al trabajo en red con el Hospital del Ni\u00f1o Morelense (HNM).<\/p>\n<p>Adem\u00e1s de que\u00a0se ha logrado otorgar atenci\u00f3n integral a las y los pacientes pedi\u00e1tricos con alg\u00fan tipo de c\u00e1ncer.<\/p>\n<p>Destac\u00f3 que del a\u00f1o 2020 a 2022, se logr\u00f3 capacitar, por medio del Departamento de Atenci\u00f3n a la Salud de la Infancia.<\/p>\n<p>As\u00ed como de\u00a0la Adolescencia (DASIA) de SSM, a dos mil 340 trabajadores, trabajadoras del sector, para fortalecer la referencia oportuna y un diagn\u00f3stico pertinente.<\/p>\n<p>\u201cFormamos parte de este gran esfuerzo mundial para reconocer el valor, la perseverancia y la fortaleza de nuestras ni\u00f1as, ni\u00f1os\u201d.<\/p>\n<h4>\u201cAdem\u00e1s de\u00a0adolescentes para luchar contra esta enfermedad\u201d.<\/h4>\n<p>\u201cAdem\u00e1s, nuestro reconocimiento a las y los especialistas que otorgan la asistencia integral\u201d, enfatiz\u00f3.<\/p>\n<p>En tanto, Mar\u00eda Soledad Mill\u00e1n Liz\u00e1rraga, directora general del HNM, destac\u00f3 que este nosocomio es una de las 54 unidades m\u00e9dicas.<\/p>\n<p>Esto en todo el pa\u00eds acreditadas para dar servicio a menores de 18 a\u00f1os y la \u00fanica en el estado de Morelos.<\/p>\n<p>\u201cNuestro censo actual cuenta con 80 pacientes activos recibiendo alg\u00fan tipo de tratamiento de quimioterapia, radioterapia o trasplante de m\u00e9dula \u00f3sea.<\/p>\n<p>As\u00ed como que\u00a0aproximadamente, 60 pacientes en vigilancia peri\u00f3dica sin tratamiento.<\/p>\n<p>\u201cAsimismo, anualmente en el servicio de hemato-oncolog\u00eda se preparan y se ministran un promedio de tres mil quimioterapias de forma ambulatoria y hospitalaria\u201d, puntualiz\u00f3.<\/p>\n<h4>Durante el acto, se difundi\u00f3 la \u201cGu\u00eda de Detecci\u00f3n temprana y referencia correcta\u201d.<\/h4>\n<p>\u201cAs\u00ed como oportuna ante la sospecha de c\u00e1ncer en la infancia y la adolescencia 2022\u201d.<\/p>\n<p>As\u00ed como\u00a0a cargo de Norma Beatriz Garc\u00eda Fuentes, responsable estatal del Programa de C\u00e1ncer en la Infancia y la Adolescencia de SSM.<\/p>\n<p>Adem\u00e1s de\u00a0quien resalt\u00f3 que contin\u00faa la sinergia con las autoridades federales.<\/p>\n<p>Al evento conmemorativo, acudieron Lilian Guadalupe Delgado Espejel, coordinadora de proyectos MAS Calidad. St. Jude.<\/p>\n<p>As\u00ed como por parte de SSM, \u00d3scar Daniel Ortiz Orozco, director de Atenci\u00f3n M\u00e9dica; Cecilia Guzm\u00e1n Rodr\u00edguez, subdirectora de Salud P\u00fablica.<\/p>\n<p>As\u00ed como personal operativo del organismo descentralizado.<\/p>\n","protected":false},"excerpt":{"rendered":"<p>Del 2020 al 2022, se capacitaron a m\u00e1s de dos mil trabajadores de salud para fortalecer el diagn\u00f3stico oportuno Lucha contra el C\u00e1ncer Infantil: Al conmemorar el D\u00eda Internacional de la Lucha contra el C\u00e1ncer Infantil, la Secretar\u00eda de Salud refrend\u00f3 el compromiso del Gobierno estatal. El cual est\u00e1\u00a0encabezado por Cuauht\u00e9moc Blanco Bravo, a favor [&hellip;]<\/p>\n","protected":false},"author":1,"featured_media":12790,"comment_status":"open","ping_status":"closed","sticky":false,"template":"","format":"standard","meta":{"footnotes":""},"categories":[11],"tags":[],"class_list":["post-12788","post","type-post","status-publish","format-standard","has-post-thumbnail","hentry","category-salud"],"_links":{"self":[{"href":"https:\/\/podernacional.com\/index.php?rest_route=\/wp\/v2\/posts\/12788","targetHints":{"allow":["GET"]}}],"collection":[{"href":"https:\/\/podernacional.com\/index.php?rest_route=\/wp\/v2\/posts"}],"about":[{"href":"https:\/\/podernacional.com\/index.php?rest_route=\/wp\/v2\/types\/post"}],"author":[{"embeddable":true,"href":"https:\/\/podernacional.com\/index.php?rest_route=\/wp\/v2\/users\/1"}],"replies":[{"embeddable":true,"href":"https:\/\/podernacional.com\/index.php?rest_route=%2Fwp%2Fv2%2Fcomments&post=12788"}],"version-history":[{"count":1,"href":"https:\/\/podernacional.com\/index.php?rest_route=\/wp\/v2\/posts\/12788\/revisions"}],"predecessor-version":[{"id":12789,"href":"https:\/\/podernacional.com\/index.php?rest_route=\/wp\/v2\/posts\/12788\/revisions\/12789"}],"wp:featuredmedia":[{"embeddable":true,"href":"https:\/\/podernacional.com\/index.php?rest_route=\/wp\/v2\/media\/12790"}],"wp:attachment":[{"href":"https:\/\/podernacional.com\/index.php?rest_route=%2Fwp%2Fv2%2Fmedia&parent=12788"}],"wp:term":[{"taxonomy":"category","embeddable":true,"href":"https:\/\/podernacional.com\/index.php?rest_route=%2Fwp%2Fv2%2Fcategories&post=12788"},{"taxonomy":"post_tag","embeddable":true,"href":"https:\/\/podernacional.com\/index.php?rest_route=%2Fwp%2Fv2%2Ftags&post=12788"}],"curies":[{"name":"wp","href":"https:\/\/api.w.org\/{rel}","templated":true}]}}