{"id":12824,"date":"2023-02-16T18:24:07","date_gmt":"2023-02-16T23:24:07","guid":{"rendered":"https:\/\/podernacional.com\/?p=12824"},"modified":"2023-02-16T23:24:08","modified_gmt":"2023-02-16T23:24:08","slug":"invitan-a-participar-en-el-primer-festival-vineta-en-guadalajara","status":"publish","type":"post","link":"https:\/\/podernacional.com\/?p=12824","title":{"rendered":"Invitan a participar en el Primer Festival Vi\u00f1eta en Guadalajara"},"content":{"rendered":"<h4>El programa que incluye poco menos de 40 actividades se realizar\u00e1 del 17 al 19 de febrero en la Casa Cultural Colomos.<\/h4>\n<p>Primer Festival Vi\u00f1eta: La noticia la dieron los organizadores esta ma\u00f1ana en rueda de prensa en el Museo del Periodismo y las Artes Gr\u00e1ficas<\/p>\n<p>Con la realizaci\u00f3n de poco menos de 40 actividades, la mayor\u00eda de ellas gratuitas y con la presencia de cerca de 50 creativos expositores.<\/p>\n<p>El cual\u00a0se realizar\u00e1 del 17 al 19 de febrero la Primera Edici\u00f3n del Festival Vi\u00f1eta. C\u00f3mic, Ilustraci\u00f3n, animaci\u00f3n.<\/p>\n<p>As\u00ed como de\u00a0dise\u00f1o en el Centro Cultural Casa Colomos, en Guadalajara.<\/p>\n<p>Se trata de una iniciativa impulsada por el Ayuntamiento de Guadalajara en colaboraci\u00f3n con creativos del sector.<\/p>\n<p>Adem\u00e1s del Gobierno del Estado de Jalisco, el Consulado de Jap\u00f3n en Le\u00f3n, el Sistema Nacional de Creadores (SNCA) del gobierno federal.<\/p>\n<p>As\u00ed como\u00a0la Secretar\u00eda de Cultura (SC) de Jalisco, Ciudad Creativa Digital (CCD) y Casa del Autor de Zapopan.<\/p>\n<p>Jos\u00e9 Luis Coronado, director de Cultura de Guadalajara comparti\u00f3 que el festival es posible en gran parte gracias a la aportaci\u00f3n de expositores locales.<\/p>\n<p>Esto\u00a0aunque el Ayuntamiento tapat\u00edo est\u00e1 colaborando con gastos de traslado y honorarios de algunos invitados que proceden de otras ciudades.<\/p>\n<h4>Dijo no saber cu\u00e1nto es la inversi\u00f3n total que ha implicado dicho encuentro, que esperan durante los tres d\u00edas una afluencia de 2 mil personas.<\/h4>\n<p>Fernando Garc\u00eda Rosales director de Estudio Paltik, quien es expositor y co organizador de este encuentro.<\/p>\n<p>El cual detall\u00f3 que \u201cse trata de un festival para promover material original y no material que ya se encuentra en el mercado.<\/p>\n<p>Hay pocos festivales en el pa\u00eds que tienen esta caracter\u00edstica y que han estado desapareciendo\u2026<\/p>\n<p>\u201cAs\u00ed como de la idea es que si hay buena respuesta por parte del p\u00fablico en esta primera edici\u00f3n, podamos hacerlo a\u00f1o con a\u00f1o, crezca\u201d.<\/p>\n<p>Lu Garcidue\u00f1as directora de Br\u00fajula Comic, tambi\u00e9n co- organizadora y expositora.<\/p>\n<p>Con esto\u00a0mencion\u00f3 que adem\u00e1s de expo venta de comics, habr\u00e1 charlas, revisi\u00f3n de portafolios, talleres de caligraf\u00eda.<\/p>\n<p>As\u00ed como de\u00a0concursos de K-Pop y Cosplay y proyecciones de Anime de Makoto Shinkai y Shingai Makashita al aire libre.<\/p>\n<p>Mencion\u00f3 que la mayor\u00eda de las actividades ser\u00e1n presenciales aunque habr\u00e1 tambi\u00e9n algunas que se podr\u00e1n seguir de forma virtual.<\/p>\n<p>Entre los invitados de los cu\u00e1les algunos est\u00e1n en Guadalajara y otros proceden de la Ciudad de M\u00e9xico y Yucat\u00e1n.<\/p>\n<p>Adem\u00e1s de que\u00a0est\u00e1n Trino Camacho, Axel Medell\u00edn, Pavel, Allan Otero, Jos\u00e9 Luis Pescador, Ricardo Garc\u00eda Fuentes, Micro.<\/p>\n<p>As\u00ed como de\u00a0Erasmo Rodr\u00edguez, Ruy Fernando Estrada, Carlos Velez e Idalia Candelas, algunos de ellos miembros del Sistema Nacional de Creadores de Arte (SNCA).<\/p>\n<p>La cita es del 17 al 19 de febrero en el Centro Cultural Casa Colomos, ubicada en El Chaco 3200 en Providencia.<\/p>\n<p>Mayor informaci\u00f3n puede consultarse en el sitio y redes sociales de Gobierno de Guadalajara<\/p>\n<p>Invitan a participar en el Primer Festival Vi\u00f1eta en Guadalajara<\/p>\n","protected":false},"excerpt":{"rendered":"<p>El programa que incluye poco menos de 40 actividades se realizar\u00e1 del 17 al 19 de febrero en la Casa Cultural Colomos. Primer Festival Vi\u00f1eta: La noticia la dieron los organizadores esta ma\u00f1ana en rueda de prensa en el Museo del Periodismo y las Artes Gr\u00e1ficas Con la realizaci\u00f3n de poco menos de 40 actividades, [&hellip;]<\/p>\n","protected":false},"author":1,"featured_media":12826,"comment_status":"open","ping_status":"closed","sticky":false,"template":"","format":"standard","meta":{"footnotes":""},"categories":[2],"tags":[],"class_list":["post-12824","post","type-post","status-publish","format-standard","has-post-thumbnail","hentry","category-cultural"],"_links":{"self":[{"href":"https:\/\/podernacional.com\/index.php?rest_route=\/wp\/v2\/posts\/12824","targetHints":{"allow":["GET"]}}],"collection":[{"href":"https:\/\/podernacional.com\/index.php?rest_route=\/wp\/v2\/posts"}],"about":[{"href":"https:\/\/podernacional.com\/index.php?rest_route=\/wp\/v2\/types\/post"}],"author":[{"embeddable":true,"href":"https:\/\/podernacional.com\/index.php?rest_route=\/wp\/v2\/users\/1"}],"replies":[{"embeddable":true,"href":"https:\/\/podernacional.com\/index.php?rest_route=%2Fwp%2Fv2%2Fcomments&post=12824"}],"version-history":[{"count":1,"href":"https:\/\/podernacional.com\/index.php?rest_route=\/wp\/v2\/posts\/12824\/revisions"}],"predecessor-version":[{"id":12825,"href":"https:\/\/podernacional.com\/index.php?rest_route=\/wp\/v2\/posts\/12824\/revisions\/12825"}],"wp:featuredmedia":[{"embeddable":true,"href":"https:\/\/podernacional.com\/index.php?rest_route=\/wp\/v2\/media\/12826"}],"wp:attachment":[{"href":"https:\/\/podernacional.com\/index.php?rest_route=%2Fwp%2Fv2%2Fmedia&parent=12824"}],"wp:term":[{"taxonomy":"category","embeddable":true,"href":"https:\/\/podernacional.com\/index.php?rest_route=%2Fwp%2Fv2%2Fcategories&post=12824"},{"taxonomy":"post_tag","embeddable":true,"href":"https:\/\/podernacional.com\/index.php?rest_route=%2Fwp%2Fv2%2Ftags&post=12824"}],"curies":[{"name":"wp","href":"https:\/\/api.w.org\/{rel}","templated":true}]}}