{"id":12827,"date":"2023-02-16T18:38:17","date_gmt":"2023-02-16T23:38:17","guid":{"rendered":"https:\/\/podernacional.com\/?p=12827"},"modified":"2023-02-16T23:38:19","modified_gmt":"2023-02-16T23:38:19","slug":"dale-un-refresh-a-tu-mente-y-asiste-al-festival-de-las-ideas-en-puebla","status":"publish","type":"post","link":"https:\/\/podernacional.com\/?p=12827","title":{"rendered":"Dale un \u00abrefresh\u00bb a tu mente y asiste al Festival de las Ideas en Puebla"},"content":{"rendered":"<h4>Ricardo Obert director del Festival de las Ideas, se\u00f1al\u00f3 en entrevista para El Heraldo de Puebla.<\/h4>\n<p>Festival de las Ideas en Puebla: As\u00ed como de la trascendencia que reviste la edici\u00f3n 2023 del festival de las Ideas en Puebla que traer\u00e1 del 9 al 11 de marzo.<\/p>\n<p>Esto\u00a0en el Auditorio Metropolitano, a 43 conferencistas internacionales, incluyendo personajes que est\u00e1n nominados para recibir su premio en la ceremonia del \u00d3scar.<\/p>\n<p>Y al hacer un parang\u00f3n con tomarse unas vacaciones para relajar todos los sentidos, la mente tambi\u00e9n requiere un descanso.<\/p>\n<p>As\u00ed como de una distracci\u00f3n del estr\u00e9s diario , precisamente para entyrar en un espacio de an\u00e1lisis y reflexi\u00f3n.<\/p>\n<p>Por ende,\u00a0que mejor momento que participar en el Festival de las Ideas donde se espera la asistencia de m\u00e1s de 5 mil personas de M\u00e9xico.<\/p>\n<p>As\u00ed como\u00a0el mundo para escuchar temas de vanguardia y del debate contempor\u00e1neo que marcan tendencias en diferentes \u00e1mbitos del quehacer diario.<\/p>\n<p>Sirva entonces participar y asistir al festival de las Ideas como una oportunidad para tomar nuevas ideas.<\/p>\n<p>Las cuales que permitan un punto de quiebre y un acto disruptivo en el trabajo, en la familia y en casa.<\/p>\n<h4>Ricardo Obert resalt\u00f3 que en Puebla durante los \u00faltimos 15 a\u00f1os, ha sido sede de eventos de talla internacional.<\/h4>\n<p>Lugar en donde el debate de las ideas que revolucionan al mundo, se desmenuza aqu\u00ed por expertos en cada tema.<\/p>\n<p>Adem\u00e1s el Festival de las Ideas es propicio para alentar el turismo y la hospitalidad de Puebla.<\/p>\n<p>As\u00ed como de\u00a0probar su rica gastronom\u00eda y su riqueza cultural y natural.<\/p>\n<p>Este a\u00f1o, en el Auditorio Metropopolitano, adem\u00e1s de las conferencias, se ha confeccionado un programa con actividades culturales.<\/p>\n<p>As\u00ed como recreativas como el corredor gastron\u00f3mico , as\u00ed como el boliche y ajedrez gigantes.<\/p>\n<p>El Festival de las Ideas inicia el 9 de marzo por la tarde, contin\u00f9a el viernes 10 de marzo todo el d\u00eda.<\/p>\n<h4>Adem\u00e1s de que\u00a0concluye el s\u00e1bado 11 de marzo al mediod\u00eda.<\/h4>\n<p>La venta de boletos va muy bien en las tres zonas: preferente, luneta y general, son precios accesibles para una experiencia inolvidable.<\/p>\n<p>Y como en cada edici\u00f3n , Grupo Salinas y gobierno del estado, ofrecer\u00e1n determinado n\u00famero de becas para que universitarios poblanos puedan asistir al festival.<\/p>\n<p>Este a\u00f1o habr\u00e1 de discutirse y analizarse en torno a ciencia, tecnolog\u00eda, salud y econom\u00eda son propuestas de vanguardia, ideas que revolucionan.<\/p>\n","protected":false},"excerpt":{"rendered":"<p>Ricardo Obert director del Festival de las Ideas, se\u00f1al\u00f3 en entrevista para El Heraldo de Puebla. Festival de las Ideas en Puebla: As\u00ed como de la trascendencia que reviste la edici\u00f3n 2023 del festival de las Ideas en Puebla que traer\u00e1 del 9 al 11 de marzo. Esto\u00a0en el Auditorio Metropolitano, a 43 conferencistas internacionales, [&hellip;]<\/p>\n","protected":false},"author":1,"featured_media":12829,"comment_status":"open","ping_status":"closed","sticky":false,"template":"","format":"standard","meta":{"footnotes":""},"categories":[4],"tags":[],"class_list":["post-12827","post","type-post","status-publish","format-standard","has-post-thumbnail","hentry","category-espectaculos"],"_links":{"self":[{"href":"https:\/\/podernacional.com\/index.php?rest_route=\/wp\/v2\/posts\/12827","targetHints":{"allow":["GET"]}}],"collection":[{"href":"https:\/\/podernacional.com\/index.php?rest_route=\/wp\/v2\/posts"}],"about":[{"href":"https:\/\/podernacional.com\/index.php?rest_route=\/wp\/v2\/types\/post"}],"author":[{"embeddable":true,"href":"https:\/\/podernacional.com\/index.php?rest_route=\/wp\/v2\/users\/1"}],"replies":[{"embeddable":true,"href":"https:\/\/podernacional.com\/index.php?rest_route=%2Fwp%2Fv2%2Fcomments&post=12827"}],"version-history":[{"count":1,"href":"https:\/\/podernacional.com\/index.php?rest_route=\/wp\/v2\/posts\/12827\/revisions"}],"predecessor-version":[{"id":12828,"href":"https:\/\/podernacional.com\/index.php?rest_route=\/wp\/v2\/posts\/12827\/revisions\/12828"}],"wp:featuredmedia":[{"embeddable":true,"href":"https:\/\/podernacional.com\/index.php?rest_route=\/wp\/v2\/media\/12829"}],"wp:attachment":[{"href":"https:\/\/podernacional.com\/index.php?rest_route=%2Fwp%2Fv2%2Fmedia&parent=12827"}],"wp:term":[{"taxonomy":"category","embeddable":true,"href":"https:\/\/podernacional.com\/index.php?rest_route=%2Fwp%2Fv2%2Fcategories&post=12827"},{"taxonomy":"post_tag","embeddable":true,"href":"https:\/\/podernacional.com\/index.php?rest_route=%2Fwp%2Fv2%2Ftags&post=12827"}],"curies":[{"name":"wp","href":"https:\/\/api.w.org\/{rel}","templated":true}]}}