{"id":12830,"date":"2023-02-16T18:46:07","date_gmt":"2023-02-16T23:46:07","guid":{"rendered":"https:\/\/podernacional.com\/?p=12830"},"modified":"2023-02-16T23:46:09","modified_gmt":"2023-02-16T23:46:09","slug":"queretaro-sera-sede-del-festival-de-la-lengua-arte-y-cultura-otomi","status":"publish","type":"post","link":"https:\/\/podernacional.com\/?p=12830","title":{"rendered":"Quer\u00e9taro ser\u00e1 sede del Festival de la Lengua Arte y Cultura Otom\u00ed"},"content":{"rendered":"<h4>El Festival de la Lengua Arte y Cultura Otom\u00ed se desarrolla en el marco del D\u00eda Internacional de la Lengua Materna.<\/h4>\n<p><a href=\"https:\/\/whatsappmexico.com\/?p=12031\">Festival<\/a> de la Lengua Arte y Cultura Otom\u00ed: El cual -que se celebra el 21 de febrero- y tendr\u00e1 como sedes cuatro museos de Quer\u00e9taro y una casa de estudios.<\/p>\n<p>Del 20 de febrero al 3 de marzo se llevar\u00e1 a cabo en Quer\u00e9taro la novena edici\u00f3n del Festival de la Lengua Arte y Cultura Otom\u00ed (FLACO).<\/p>\n<p>As\u00ed como\u00a0la cual tiene como objetivo valorar, dignificar y preservar la memoria biocultural del pueblo otom\u00ed.<\/p>\n<p>El anuncio del evento fue brindado por la titular de la Secretar\u00eda de Cultura del estado (SECULT), Marcela Herbert Pesquera.<\/p>\n<p>El cual fue\u00a0quien destac\u00f3 que el festival se desarrolla en el marco del D\u00eda Internacional de la Lengua Materna.<\/p>\n<h4>As\u00ed como\u00a0-que se celebra el 21 de febrero-.<\/h4>\n<p>La funcionaria estatal mencion\u00f3 que este a\u00f1o el FLACO tendr\u00e1 a Tlaxcala y Guatemala como estado y pa\u00eds invitados, respectivamente.<\/p>\n<p>Agreg\u00f3 que en Quer\u00e9taro las actividades se desarrollar\u00e1n en sedes como el Museo de los Conspiradores.<\/p>\n<p>As\u00ed como\u00a0el Museo de la Restauraci\u00f3n de la Rep\u00fablica, el Centro de las Artes de Quer\u00e9taro, la Galer\u00eda Libertad.<\/p>\n<p>As\u00ed como\u00a0la Universidad Aut\u00f3noma de Quer\u00e9taro (UAQ), entre otras.<\/p>\n<p>FLACO tendr\u00e1 invitados nacionales e internacionales<\/p>\n<p>El presidente del Comit\u00e9 Organizador del FLACO, Roberto Aurelio N\u00fa\u00f1ez L\u00f3pez.<\/p>\n<p>El cual\u00a0a\u00f1adi\u00f3 que este en FLACO contar\u00e1 con participantes de Hidalgo, Estado de M\u00e9xico, Guanajuato, Ciudad de M\u00e9xico, Veracruz, Puebla y Nayarit.<\/p>\n<h4>As\u00ed como de pa\u00edses como Bolivia, Ecuador y Estados Unidos.<\/h4>\n<p>N\u00fa\u00f1ez L\u00f3pez expuso que el Festival de la Lengua Arte y Cultura Otom\u00ed 2023 ofrece de manera gratuita 14 conferencias nacionales.<\/p>\n<p>As\u00ed como nueve conferencias internacionales, dos conversatorios, 13 presentaciones de libros, todos novedades editoriales.<\/p>\n<p>Adem\u00e1s de\u00a0dos eventos de narrativa o tradici\u00f3n oral \u00f1\u00e4h\u00f1u, tres recitales po\u00e9ticos (en pur\u00e9pecha, h\u00f1\u00e4h\u00f1u, tzeltal, n\u00e1huatl, totonaco y odam).<\/p>\n<p>As\u00ed como de\u00a0cuatro exposiciones de pintura.<\/p>\n<p>Asimismo, 14 cortos y documentales en lenguas ind\u00cdgenas, una obra de t\u00edteres en lengua h\u00f1\u00e4\u00f1ho, una \u00f3pera n\u00e1huatl.<\/p>\n<p>As\u00ed como\u00a0un concierto del Coro de Voces Yuhmu, dos performance en lengua odam (Tepehuano de Durango).<\/p>\n<p>El cual de\u00a0tres danzas tradicionales, un ritual prehisp\u00e1nico y seis talleres.<\/p>\n","protected":false},"excerpt":{"rendered":"<p>El Festival de la Lengua Arte y Cultura Otom\u00ed se desarrolla en el marco del D\u00eda Internacional de la Lengua Materna. Festival de la Lengua Arte y Cultura Otom\u00ed: El cual -que se celebra el 21 de febrero- y tendr\u00e1 como sedes cuatro museos de Quer\u00e9taro y una casa de estudios. Del 20 de febrero [&hellip;]<\/p>\n","protected":false},"author":1,"featured_media":12832,"comment_status":"open","ping_status":"closed","sticky":false,"template":"","format":"standard","meta":{"footnotes":""},"categories":[7],"tags":[],"class_list":["post-12830","post","type-post","status-publish","format-standard","has-post-thumbnail","hentry","category-nacional"],"_links":{"self":[{"href":"https:\/\/podernacional.com\/index.php?rest_route=\/wp\/v2\/posts\/12830","targetHints":{"allow":["GET"]}}],"collection":[{"href":"https:\/\/podernacional.com\/index.php?rest_route=\/wp\/v2\/posts"}],"about":[{"href":"https:\/\/podernacional.com\/index.php?rest_route=\/wp\/v2\/types\/post"}],"author":[{"embeddable":true,"href":"https:\/\/podernacional.com\/index.php?rest_route=\/wp\/v2\/users\/1"}],"replies":[{"embeddable":true,"href":"https:\/\/podernacional.com\/index.php?rest_route=%2Fwp%2Fv2%2Fcomments&post=12830"}],"version-history":[{"count":1,"href":"https:\/\/podernacional.com\/index.php?rest_route=\/wp\/v2\/posts\/12830\/revisions"}],"predecessor-version":[{"id":12831,"href":"https:\/\/podernacional.com\/index.php?rest_route=\/wp\/v2\/posts\/12830\/revisions\/12831"}],"wp:featuredmedia":[{"embeddable":true,"href":"https:\/\/podernacional.com\/index.php?rest_route=\/wp\/v2\/media\/12832"}],"wp:attachment":[{"href":"https:\/\/podernacional.com\/index.php?rest_route=%2Fwp%2Fv2%2Fmedia&parent=12830"}],"wp:term":[{"taxonomy":"category","embeddable":true,"href":"https:\/\/podernacional.com\/index.php?rest_route=%2Fwp%2Fv2%2Fcategories&post=12830"},{"taxonomy":"post_tag","embeddable":true,"href":"https:\/\/podernacional.com\/index.php?rest_route=%2Fwp%2Fv2%2Ftags&post=12830"}],"curies":[{"name":"wp","href":"https:\/\/api.w.org\/{rel}","templated":true}]}}