{"id":12833,"date":"2023-02-16T18:56:44","date_gmt":"2023-02-16T23:56:44","guid":{"rendered":"https:\/\/podernacional.com\/?p=12833"},"modified":"2023-02-16T23:56:45","modified_gmt":"2023-02-16T23:56:45","slug":"ana-guevara-en-la-conade-que-deportes-estan-en-riesgo-de-no-competir-en-paris-2024","status":"publish","type":"post","link":"https:\/\/podernacional.com\/?p=12833","title":{"rendered":"Ana Guevara en la Conade: qu\u00e9 deportes est\u00e1n en riesgo de no competir en Par\u00eds 2024"},"content":{"rendered":"<h4>Los deportes acu\u00e1ticos tendr\u00edan condicionada su participaci\u00f3n para competencias mundiales, pero no ser\u00edan las \u00fanicas<\/h4>\n<p>Ana Guevara: La gesti\u00f3n de Ana Guevara al frente de la CONADE pondr\u00eda en riesgo algunas disciplinas para Par\u00eds 2024.<\/p>\n<p>As\u00ed como de la Comisi\u00f3n Nacional de Cultura F\u00edsica y Deporte (CONADE) ha enfrentado una serie de problemas.<\/p>\n<p>Estos\u00a0durante la gesti\u00f3n de Ana Gabriela Guevara ya que lo obtenido en los Juegos Ol\u00edmpicos de Tokio 2020.<\/p>\n<p>As\u00ed como de\u00a0las irregularidades que se fueron revelando por denuncias de algunos atletas, han mantenido en el ojo p\u00fablico a la ex velocista.<\/p>\n<p>Ana Gabriela Guevara confes\u00f3 la raz\u00f3n por la que equipos acu\u00e1ticos de M\u00e9xico podr\u00edan quedar fuera de Par\u00eds 2024<\/p>\n<p>La titular de la Comisi\u00f3n Nacional de Cultura F\u00edsica y Deporte (CONADE) reconoci\u00f3 que el conflicto entre la Federaci\u00f3n Mexicana de Nataci\u00f3n (FMN).<\/p>\n<p>Esto\u00a0con World Aquatics podr\u00eda costarle la participaci\u00f3n a los cuadros nacionales en JJOO<\/p>\n<h4>Ahora de cara a las pruebas y torneos que marcar\u00e1n el rumbo para Par\u00eds 2024.<\/h4>\n<p>Por ende en\u00a0M\u00e9xico podr\u00eda ir a la justa ol\u00edmpica sin la totalidad de los deportes en los que suele participar cada cuatro a\u00f1os.<\/p>\n<p>Esto\u00a0por lo que los atletas ser\u00e1n los principales afectados.<\/p>\n<p>En d\u00edas recientes se compartieron los problemas que est\u00e1 enfrentando la Federaci\u00f3n Mexicana de Nataci\u00f3n (FMN) y los deportes acu\u00e1ticos, pero no ser\u00eda la \u00fanica.<\/p>\n<p>Tambi\u00e9n la Federaci\u00f3n Mexicana de Ciclismo (FMC) tendr\u00eda problemas con el \u00f3rgano internacional.<\/p>\n<p>Al igual que el ciclismo de pista podr\u00eda ser otro de los deportes que no mande a atletas mexicanos para la siguiente edici\u00f3n ol\u00edmpica.<\/p>\n<p>De acuerdo con la periodista Beatriz Pereyra, de Proceso, la Federaci\u00f3n Internacional de Ciclismo (UCI, por sus siglas en franc\u00e9s).<\/p>\n<p>El cual\u00a0le habr\u00eda quitado licencias a la CONADE para registrar a los deportistas en competencias que definir\u00e1n el ranking mundial.<\/p>\n<p>Esto en consecuencia, los lugares para Par\u00eds 2024.<\/p>\n<p>La UCI le revoc\u00f3 el data ride, la cual es una clave para que los ciclistas sean inscritos en competencias internacionales convocadas por la UCI.<\/p>\n<p>Tal acceso se le dio al Comit\u00e9 Ol\u00edmpico Mexicano sin avisar a la comisi\u00f3n deportiva dirigida por Ana Guevara.<\/p>\n<p>Motivo por el cual la CONADE interpuso un plazo de 48 horas para que se le sea devuelto, el plazo vencer\u00e1 el 16 de febrero.<\/p>\n<p>&nbsp;<\/p>\n","protected":false},"excerpt":{"rendered":"<p>Los deportes acu\u00e1ticos tendr\u00edan condicionada su participaci\u00f3n para competencias mundiales, pero no ser\u00edan las \u00fanicas Ana Guevara: La gesti\u00f3n de Ana Guevara al frente de la CONADE pondr\u00eda en riesgo algunas disciplinas para Par\u00eds 2024. As\u00ed como de la Comisi\u00f3n Nacional de Cultura F\u00edsica y Deporte (CONADE) ha enfrentado una serie de problemas. Estos\u00a0durante la [&hellip;]<\/p>\n","protected":false},"author":1,"featured_media":12835,"comment_status":"open","ping_status":"closed","sticky":false,"template":"","format":"standard","meta":{"footnotes":""},"categories":[3],"tags":[],"class_list":["post-12833","post","type-post","status-publish","format-standard","has-post-thumbnail","hentry","category-deportes"],"_links":{"self":[{"href":"https:\/\/podernacional.com\/index.php?rest_route=\/wp\/v2\/posts\/12833","targetHints":{"allow":["GET"]}}],"collection":[{"href":"https:\/\/podernacional.com\/index.php?rest_route=\/wp\/v2\/posts"}],"about":[{"href":"https:\/\/podernacional.com\/index.php?rest_route=\/wp\/v2\/types\/post"}],"author":[{"embeddable":true,"href":"https:\/\/podernacional.com\/index.php?rest_route=\/wp\/v2\/users\/1"}],"replies":[{"embeddable":true,"href":"https:\/\/podernacional.com\/index.php?rest_route=%2Fwp%2Fv2%2Fcomments&post=12833"}],"version-history":[{"count":1,"href":"https:\/\/podernacional.com\/index.php?rest_route=\/wp\/v2\/posts\/12833\/revisions"}],"predecessor-version":[{"id":12834,"href":"https:\/\/podernacional.com\/index.php?rest_route=\/wp\/v2\/posts\/12833\/revisions\/12834"}],"wp:featuredmedia":[{"embeddable":true,"href":"https:\/\/podernacional.com\/index.php?rest_route=\/wp\/v2\/media\/12835"}],"wp:attachment":[{"href":"https:\/\/podernacional.com\/index.php?rest_route=%2Fwp%2Fv2%2Fmedia&parent=12833"}],"wp:term":[{"taxonomy":"category","embeddable":true,"href":"https:\/\/podernacional.com\/index.php?rest_route=%2Fwp%2Fv2%2Fcategories&post=12833"},{"taxonomy":"post_tag","embeddable":true,"href":"https:\/\/podernacional.com\/index.php?rest_route=%2Fwp%2Fv2%2Ftags&post=12833"}],"curies":[{"name":"wp","href":"https:\/\/api.w.org\/{rel}","templated":true}]}}