{"id":12836,"date":"2023-02-16T19:01:36","date_gmt":"2023-02-17T00:01:36","guid":{"rendered":"https:\/\/podernacional.com\/?p=12836"},"modified":"2023-02-17T00:01:38","modified_gmt":"2023-02-17T00:01:38","slug":"conmemora-secretaria-de-cultura-el-dia-internacional-de-la-lengua-materna-con-actividades-para-todo-publico","status":"publish","type":"post","link":"https:\/\/podernacional.com\/?p=12836","title":{"rendered":"Conmemora Secretar\u00eda de Cultura el D\u00eda Internacional de la Lengua Materna con actividades para todo p\u00fablico"},"content":{"rendered":"<h4>Del 20 a 24 de febrero habr\u00e1 charlas, talleres y una exposici\u00f3n para fomentar el uso de los idiomas originarios<\/h4>\n<p>D\u00eda Internacional de la Lengua Materna: Con el objetivo de fomentar los idiomas originarios e impulsar las pol\u00edticas p\u00fablicas en materia de ling\u00fc\u00edstica.<\/p>\n<p>As\u00ed como de\u00a0la Secretar\u00eda de Cultura del Estado de Chihuahua, a trav\u00e9s del Departamento de Culturas \u00c9tnicas y Diversidad.<\/p>\n<p>As\u00ed como que\u00a0invita a las actividades gratuitas que se realizar\u00e1n del 20 al 24 de febrero en la ciudad de Chihuahua.<\/p>\n<p>Esto\u00a0en conmemoraci\u00f3n del D\u00eda Internacional de la Lengua Materna.<\/p>\n<p>Esta programaci\u00f3n se realiza para abrir espacios de encuentro donde \u00a0representantes de pueblos originarios.<\/p>\n<p>Los cuales\u00a0generen un di\u00e1logo sobre sus idiomas y su cultura, y puedan posicionarse.<\/p>\n<h4>As\u00ed como lo hacen las lenguas habladas por la mayor\u00eda de la poblaci\u00f3n.<\/h4>\n<p>Por ello, la Secretar\u00eda de Cultura ha creado alianzas interinstitucionales que originen acciones concretas en favor de la visibilizaci\u00f3n.<\/p>\n<p>Esto\u00a0de las lenguas originarias del estado, coadyuvando as\u00ed con la protecci\u00f3n y conservaci\u00f3n del patrimonio ling\u00fc\u00edstico chihuahuense.<\/p>\n<p>El taller \u201cDesarrollo de materiales digitales en lengua ind\u00edgena\u201d est\u00e1 dirigido a poblaci\u00f3n originaria interesada en aprender a desarrollar infograf\u00edas en su idioma.<\/p>\n<p>Ser\u00e1 impartido por Luis Flores, encargado del departamento de dise\u00f1o de proyectos de lenguas ind\u00edgenas en el Instituto Nacional de Lenguas Ind\u00edgenas.<\/p>\n<p>As\u00ed como de\u00a0los d\u00edas 20, 21 y 24 de febrero en el Aula Digital de la Biblioteca P\u00fablica Central Carlos Montemayor.<\/p>\n<p>As\u00ed como en un horario de 17:00 a las 19:00 horas.<\/p>\n<p>Este mismo taller tambi\u00e9n se llevar\u00e1 a cabo en la ciudad de Cuauht\u00e9moc el mi\u00e9rcoles 22 a las 12:30 horas.<\/p>\n<h4>Esto\u00a0en el en el Telebachillerato comunitario 80153.<\/h4>\n<p>En coordinaci\u00f3n con el Congreso del Estado de Chihuahua, el martes 21 de febrero a las 14:00 horas.<\/p>\n<p>El cual se desarrollar\u00e1 la sesi\u00f3n solemne \u201cLas lenguas toman la tribuna\u201d, d\u00f3nde hablantes de los idiomas chat&#8217;\u00f1, warij\u00f3, ral\u00e1muli, \u00f3dami.<\/p>\n<p>As\u00ed como de\u00a0o&#8217;oba, subir\u00e1n al estrado para dialogar, en sus propios idiomas, acerca de sus visiones, inquietudes y necesidades.<\/p>\n<p>Al igual que\u00a0para impulsar las pol\u00edticas ling\u00fc\u00edsticas.<\/p>\n<p>Ese mismo d\u00eda a las 16:00 horas en la Plaza Cultural Los Laureles, la ling\u00fcista ral\u00e1muli Sew\u00e1 Morales, acompa\u00f1ada por Luis Flores.<\/p>\n<p>As\u00ed como\u00a0participan en la charla \u201cExperiencias en el desarrollo de materiales en lenguas ind\u00edgenas: ral\u00e1muli y t\u00e9nek\u201d.<\/p>\n<p>Esto\u00a0en la que compartir\u00e1n las experiencias y los esfuerzos realizados para conservar y \u00a0difundir los idiomas originarios.<\/p>\n<p>Al finalizar, a las 17:00 horas, Sew\u00e1 Morales impartir\u00e1 el taller \u201cPe te\u00e9li ra&#8217;\u00edchabo ra&#8217;\u00edchali g\u00edtera (Hablemos las palabras)\u201d.<\/p>\n<p>Esto\u00a0en el que se abordar\u00e1 la importancia crear materiales did\u00e1cticos, como loter\u00edas, memoramas, sopa de letras, entre otros.<\/p>\n<p>&nbsp;<\/p>\n","protected":false},"excerpt":{"rendered":"<p>Del 20 a 24 de febrero habr\u00e1 charlas, talleres y una exposici\u00f3n para fomentar el uso de los idiomas originarios D\u00eda Internacional de la Lengua Materna: Con el objetivo de fomentar los idiomas originarios e impulsar las pol\u00edticas p\u00fablicas en materia de ling\u00fc\u00edstica. As\u00ed como de\u00a0la Secretar\u00eda de Cultura del Estado de Chihuahua, a trav\u00e9s [&hellip;]<\/p>\n","protected":false},"author":1,"featured_media":12838,"comment_status":"open","ping_status":"closed","sticky":false,"template":"","format":"standard","meta":{"footnotes":""},"categories":[5],"tags":[],"class_list":["post-12836","post","type-post","status-publish","format-standard","has-post-thumbnail","hentry","category-internacional"],"_links":{"self":[{"href":"https:\/\/podernacional.com\/index.php?rest_route=\/wp\/v2\/posts\/12836","targetHints":{"allow":["GET"]}}],"collection":[{"href":"https:\/\/podernacional.com\/index.php?rest_route=\/wp\/v2\/posts"}],"about":[{"href":"https:\/\/podernacional.com\/index.php?rest_route=\/wp\/v2\/types\/post"}],"author":[{"embeddable":true,"href":"https:\/\/podernacional.com\/index.php?rest_route=\/wp\/v2\/users\/1"}],"replies":[{"embeddable":true,"href":"https:\/\/podernacional.com\/index.php?rest_route=%2Fwp%2Fv2%2Fcomments&post=12836"}],"version-history":[{"count":1,"href":"https:\/\/podernacional.com\/index.php?rest_route=\/wp\/v2\/posts\/12836\/revisions"}],"predecessor-version":[{"id":12837,"href":"https:\/\/podernacional.com\/index.php?rest_route=\/wp\/v2\/posts\/12836\/revisions\/12837"}],"wp:featuredmedia":[{"embeddable":true,"href":"https:\/\/podernacional.com\/index.php?rest_route=\/wp\/v2\/media\/12838"}],"wp:attachment":[{"href":"https:\/\/podernacional.com\/index.php?rest_route=%2Fwp%2Fv2%2Fmedia&parent=12836"}],"wp:term":[{"taxonomy":"category","embeddable":true,"href":"https:\/\/podernacional.com\/index.php?rest_route=%2Fwp%2Fv2%2Fcategories&post=12836"},{"taxonomy":"post_tag","embeddable":true,"href":"https:\/\/podernacional.com\/index.php?rest_route=%2Fwp%2Fv2%2Ftags&post=12836"}],"curies":[{"name":"wp","href":"https:\/\/api.w.org\/{rel}","templated":true}]}}