{"id":12839,"date":"2023-02-16T19:05:08","date_gmt":"2023-02-17T00:05:08","guid":{"rendered":"https:\/\/podernacional.com\/?p=12839"},"modified":"2023-02-17T00:05:09","modified_gmt":"2023-02-17T00:05:09","slug":"mas-de-16-mil-hectareas-de-fonatur-seran-anp-115-de-ellas-estan-en-qroo","status":"publish","type":"post","link":"https:\/\/podernacional.com\/?p=12839","title":{"rendered":"M\u00e1s de 16 mil hect\u00e1reas de Fonatur ser\u00e1n ANP; 115 de ellas est\u00e1n en QRoo"},"content":{"rendered":"<h4>El decreto busca proteger a especies y garantizar el disfrute de espacios tur\u00edsticos<\/h4>\n<p>Fonatur ser\u00e1n ANP: Un total de 16 mil 414.07 hect\u00e1reas en seis estados del pa\u00eds, entre ellos Quintana Roo.<\/p>\n<p>El cual\u00a0son parte de la reserva del Fondo Nacional de Fomento al Turismo (Fonatur) se convertir\u00e1n en \u00c1reas Naturales Protegidas (ANP`s).<\/p>\n<p>As\u00ed como\u00a0con el objetivo de devolver el sentido humano a la pr\u00e1ctica tur\u00edstica.<\/p>\n<p>Adem\u00e1s de que declar\u00f3 este jueves en su conferencia de prensa ma\u00f1anera el presidente de M\u00e9xico, Andr\u00e9s Manuel L\u00f3pez Obrador.<\/p>\n<p>Adem\u00e1s de proteger flora y fauna en peligro de extinci\u00f3n el decreto presidencial garantizar\u00e1 a la poblaci\u00f3n el disfrute de estos espacios.<\/p>\n<p>El cual\u00a0incluyen kil\u00f3metros de playas y evitar\u00e1 que se siga traficando con estos bienes.<\/p>\n<p>As\u00ed como\u00a0pues al pasar a ser reserva quedan blindados de quienes \u00abhacen su agosto vendiendo bienes de la naci\u00f3n\u00bb.<\/p>\n<h4>Al hacer uso de la palabra, Javier May, director general de Fonatur.<\/h4>\n<p>El cual\u00a0detall\u00f3 que estas 16 mil 414.07 hect\u00e1reas est\u00e1n repartidas en seis estados:<\/p>\n<p>Baja California (66.80), Baja California Sur (8 mil 64.69), Guerrero (981.71), Oaxaca (5 mil 263.18), Quintana Roo (115.79) y Sinaloa (mil 921.87).<\/p>\n<p>Para realizar esta conversi\u00f3n se concret\u00f3 un acuerdo entre Fonatur y la Secretar\u00eda de Medio Ambiente y Recursos Naturales (Semarnat).<\/p>\n<p>El cual ser\u00e1 publicado en el Diario Oficial de la Federaci\u00f3n (DOF).<\/p>\n<p>Adem\u00e1s de\u00a0que establece que la figura de la ANP es la m\u00e1s efectiva para la conservaci\u00f3n biol\u00f3gica.<\/p>\n<p>En las 115 hect\u00e1reas que corresponden a Quintana Roo quedar\u00e1n protegidos ejemplares de palma chit.<\/p>\n<p>As\u00ed como el ave tangara cabeza rayada y el reptil huico de Cozumel.<\/p>\n<p>Con este decreto a nivel nacional se superar\u00e1n las 190 ANP\u00b4s.<\/p>\n<p>Adem\u00e1s de las cuales m\u00e1s de un mill\u00f3n de hect\u00e1reas est\u00e1n destinadas voluntariamente a la conservaci\u00f3n de parte de ejidos y comunidades.<\/p>\n<p>M\u00e1s de 16 mil hect\u00e1reas de Fonatur ser\u00e1n ANP; 115 de ellas en QRoo<\/p>\n","protected":false},"excerpt":{"rendered":"<p>El decreto busca proteger a especies y garantizar el disfrute de espacios tur\u00edsticos Fonatur ser\u00e1n ANP: Un total de 16 mil 414.07 hect\u00e1reas en seis estados del pa\u00eds, entre ellos Quintana Roo. El cual\u00a0son parte de la reserva del Fondo Nacional de Fomento al Turismo (Fonatur) se convertir\u00e1n en \u00c1reas Naturales Protegidas (ANP`s). As\u00ed como\u00a0con [&hellip;]<\/p>\n","protected":false},"author":1,"featured_media":12841,"comment_status":"open","ping_status":"closed","sticky":false,"template":"","format":"standard","meta":{"footnotes":""},"categories":[10],"tags":[],"class_list":["post-12839","post","type-post","status-publish","format-standard","has-post-thumbnail","hentry","category-quintana-roo"],"_links":{"self":[{"href":"https:\/\/podernacional.com\/index.php?rest_route=\/wp\/v2\/posts\/12839","targetHints":{"allow":["GET"]}}],"collection":[{"href":"https:\/\/podernacional.com\/index.php?rest_route=\/wp\/v2\/posts"}],"about":[{"href":"https:\/\/podernacional.com\/index.php?rest_route=\/wp\/v2\/types\/post"}],"author":[{"embeddable":true,"href":"https:\/\/podernacional.com\/index.php?rest_route=\/wp\/v2\/users\/1"}],"replies":[{"embeddable":true,"href":"https:\/\/podernacional.com\/index.php?rest_route=%2Fwp%2Fv2%2Fcomments&post=12839"}],"version-history":[{"count":1,"href":"https:\/\/podernacional.com\/index.php?rest_route=\/wp\/v2\/posts\/12839\/revisions"}],"predecessor-version":[{"id":12840,"href":"https:\/\/podernacional.com\/index.php?rest_route=\/wp\/v2\/posts\/12839\/revisions\/12840"}],"wp:featuredmedia":[{"embeddable":true,"href":"https:\/\/podernacional.com\/index.php?rest_route=\/wp\/v2\/media\/12841"}],"wp:attachment":[{"href":"https:\/\/podernacional.com\/index.php?rest_route=%2Fwp%2Fv2%2Fmedia&parent=12839"}],"wp:term":[{"taxonomy":"category","embeddable":true,"href":"https:\/\/podernacional.com\/index.php?rest_route=%2Fwp%2Fv2%2Fcategories&post=12839"},{"taxonomy":"post_tag","embeddable":true,"href":"https:\/\/podernacional.com\/index.php?rest_route=%2Fwp%2Fv2%2Ftags&post=12839"}],"curies":[{"name":"wp","href":"https:\/\/api.w.org\/{rel}","templated":true}]}}