{"id":12845,"date":"2023-02-17T19:11:23","date_gmt":"2023-02-18T00:11:23","guid":{"rendered":"https:\/\/podernacional.com\/?p=12845"},"modified":"2023-02-18T00:11:27","modified_gmt":"2023-02-18T00:11:27","slug":"cuando-sera-el-festival-de-cerveza-en-xochimilco","status":"publish","type":"post","link":"https:\/\/podernacional.com\/?p=12845","title":{"rendered":"\u00bfCu\u00e1ndo ser\u00e1 el festival de cerveza en Xochimilco?"},"content":{"rendered":"<h4>Este festival en Xochimilco ya lleva nueve ediciones anteriores, cada vez con mayor asistentes y casas cerveceras en exhibici\u00f3n, \u00bfte la vas a perder?<\/h4>\n<p>Festival de cerveza en Xochimilco: Imag\u00ednate un d\u00eda al aire libre conociendo lo mejor de las cervezas artesanales de M\u00e9xico y el extranjero en un solo lugar.<\/p>\n<p>Lugar\u00a0en donde hasta tu perro puede asistir. La realidad, es que en M\u00e9xico la cerveza artesanal va en aumento.<\/p>\n<p>Aunque su producci\u00f3n a nivel nacional es de apenas el 0.1% est\u00e1 presente en bares, restaurantes y tiendas especializadas.<\/p>\n<p>Esto\u00a0que le dan difusi\u00f3n sin olvidarnos de las exportaciones como el caso de las cervecer\u00edas Colima, Wendlandt, Monstruo de Agua y Cervecer\u00eda Rr\u00eby.<\/p>\n<p>De acuerdo a la Secretar\u00eda de Econom\u00eda, M\u00e9xico est\u00e1 en la s\u00e9ptima posici\u00f3n como p\u00e1is productor, el primero como exportador.<\/p>\n<p>As\u00ed como\u00a0del 15vo como importador de cerveza.<\/p>\n<p>Al igual que\u00a0todo esto hace que nuestro pa\u00eds sea el tercer consumidor a nivel internacional en consumir dicha bebida con l\u00fapulo y malta.<\/p>\n<h4>\u00bfQu\u00e9 estilo de cerveza beben m\u00e1s los mexicanos?<\/h4>\n<p>El pr\u00f3ximo festival cervecero<\/p>\n<p>La d\u00e9cima edici\u00f3n de Cervefest nos espera del 17 al 19 de marzo enel Deportivo Club Acalli.<\/p>\n<p>El cual estar\u00e1\u00a0ubicado en: Camino Antiguo a Cuemanco, en la alcald\u00eda de Xochimilco.<\/p>\n<p>Esto\u00a0( al final de la pista ol\u00edmpica de remo y canotaje Virgilio Uribe, junto al embarcadero de trajineras de Cuemanco).<\/p>\n<p>\u00bfCu\u00e1ndo ser\u00e1 el festival de cerveza en Xochimilco?<\/p>\n<p>&nbsp;<\/p>\n","protected":false},"excerpt":{"rendered":"<p>Este festival en Xochimilco ya lleva nueve ediciones anteriores, cada vez con mayor asistentes y casas cerveceras en exhibici\u00f3n, \u00bfte la vas a perder? Festival de cerveza en Xochimilco: Imag\u00ednate un d\u00eda al aire libre conociendo lo mejor de las cervezas artesanales de M\u00e9xico y el extranjero en un solo lugar. Lugar\u00a0en donde hasta tu [&hellip;]<\/p>\n","protected":false},"author":1,"featured_media":12847,"comment_status":"open","ping_status":"closed","sticky":false,"template":"","format":"standard","meta":{"footnotes":""},"categories":[1],"tags":[],"class_list":["post-12845","post","type-post","status-publish","format-standard","has-post-thumbnail","hentry","category-uncategorized"],"_links":{"self":[{"href":"https:\/\/podernacional.com\/index.php?rest_route=\/wp\/v2\/posts\/12845","targetHints":{"allow":["GET"]}}],"collection":[{"href":"https:\/\/podernacional.com\/index.php?rest_route=\/wp\/v2\/posts"}],"about":[{"href":"https:\/\/podernacional.com\/index.php?rest_route=\/wp\/v2\/types\/post"}],"author":[{"embeddable":true,"href":"https:\/\/podernacional.com\/index.php?rest_route=\/wp\/v2\/users\/1"}],"replies":[{"embeddable":true,"href":"https:\/\/podernacional.com\/index.php?rest_route=%2Fwp%2Fv2%2Fcomments&post=12845"}],"version-history":[{"count":1,"href":"https:\/\/podernacional.com\/index.php?rest_route=\/wp\/v2\/posts\/12845\/revisions"}],"predecessor-version":[{"id":12846,"href":"https:\/\/podernacional.com\/index.php?rest_route=\/wp\/v2\/posts\/12845\/revisions\/12846"}],"wp:featuredmedia":[{"embeddable":true,"href":"https:\/\/podernacional.com\/index.php?rest_route=\/wp\/v2\/media\/12847"}],"wp:attachment":[{"href":"https:\/\/podernacional.com\/index.php?rest_route=%2Fwp%2Fv2%2Fmedia&parent=12845"}],"wp:term":[{"taxonomy":"category","embeddable":true,"href":"https:\/\/podernacional.com\/index.php?rest_route=%2Fwp%2Fv2%2Fcategories&post=12845"},{"taxonomy":"post_tag","embeddable":true,"href":"https:\/\/podernacional.com\/index.php?rest_route=%2Fwp%2Fv2%2Ftags&post=12845"}],"curies":[{"name":"wp","href":"https:\/\/api.w.org\/{rel}","templated":true}]}}