{"id":12854,"date":"2023-02-17T19:50:09","date_gmt":"2023-02-18T00:50:09","guid":{"rendered":"https:\/\/podernacional.com\/?p=12854"},"modified":"2023-02-18T00:50:13","modified_gmt":"2023-02-18T00:50:13","slug":"gobierno-de-quintana-roo-trabaja-con-embajada-de-finlandia-para-generar-prosperidad-compartida","status":"publish","type":"post","link":"https:\/\/podernacional.com\/?p=12854","title":{"rendered":"Gobierno de Quintana Roo trabaja con embajada de Finlandia para generar prosperidad compartida"},"content":{"rendered":"<h4>En el encuentro de la Gobernadora con la Embajadora de Finlandia dialogaron sobre temas en com\u00fan y de beneficio a las y los ciudadanos<\/h4>\n<p>La gobernadora Mara Lezama Espinosa recibi\u00f3 a la embajadora de Finlandia en M\u00e9xico, P\u00e4ivi Pohjanheimo.<\/p>\n<p>As\u00ed como\u00a0con quien dialog\u00f3 sobre el avance de las mujeres en ocupar espacios para contribuir al desarrollo econ\u00f3mico-social a favor de la ciudadan\u00eda.<\/p>\n<p>Adem\u00e1s estrecharon lazos de trabajo, coordinaci\u00f3n y cooperaci\u00f3n para atraer el turismo as\u00ed como la prosperidad compartida a la entidades.<\/p>\n<p>Funcionarios del Gobierno del Estado e integrantes de la misi\u00f3n diplom\u00e1tica finlandesa trabajaron en temas de inter\u00e9s com\u00fan.<\/p>\n<p>As\u00ed\u00a0como el establecimiento de las relaciones entre Finlandia y Quintana Roo, las prioridades que tiene este gobierno humanista y progresista.<\/p>\n<p>Adem\u00e1s de\u00a0la seguridad en sitios tur\u00edsticos y las ventajas del Tren Maya.<\/p>\n<p>La embajadora P\u00e4ivi Pohjanheimo felicit\u00f3 a la gobernadora Mara Lezama por la conducci\u00f3n del gobierno.<\/p>\n<p>As\u00ed como que\u00a0asegur\u00f3 que, sin duda, dejar\u00e1 huella. A\u00f1adi\u00f3 que Canc\u00fan es uno de los lugares preferidos por los finlandeses.<\/p>\n<h4>Esto al igual, destac\u00f3 los espacios que las mujeres han ganado en su pa\u00eds.<\/h4>\n<p>La gobernadora Mara Lezama explic\u00f3 que todas las acciones est\u00e1n enmarcadas en un Nuevo Acuerdo por el Bienestar y Desarrollo de Quintana Roo.<\/p>\n<p>As\u00ed como\u00a0al que se han sumado todas y todos los quintanarroenses, desde los diversos sectores sociales.<\/p>\n<p>Adem\u00e1s que\u00a0para generar bienestar y prosperidad compartida, sin que nadie se quede atr\u00e1s.<\/p>\n<p>La primera mujer gobernadora destac\u00f3 logros en cinco meses de gobierno, principalmente los obtenidos por las mujeres de las comunidades rurales.<\/p>\n<p>As\u00ed\u00a0como X-Pichil, cuyo trabajo artesanal es admirado en el mundo.<\/p>\n<p>Asimismo, recalc\u00f3 los avances y capacidades de las mujeres quintanarroenses, como se demuestra con ocho presidentas municipales.<\/p>\n<p>Adem\u00e1s de\u00a0la incorporaci\u00f3n en las secretar\u00edas del Gobierno del Estado.<\/p>\n<p>Asimismo, la embajadora P\u00e4ivi Pohjanheimo recibi\u00f3 informaci\u00f3n sobre la actividad tur\u00edstica de los 12 destinos que Quintana Roo tiene en sus 11 municipios.<\/p>\n<h4>Esto, el comportamiento del turismo finland\u00e9s, la inversi\u00f3n extranjera en la entidad.<\/h4>\n<p>Esto adem\u00e1s del crecimiento de la actividad con un nuevo modelo de crecimiento ordenado, sostenido.<\/p>\n<p>As\u00ed como\u00a0sustentable que procura el desarrollo de las comunidades ind\u00edgenas.<\/p>\n<p>Adem\u00e1s del cuidado del medio ambiente principalmente con la atenci\u00f3n del fen\u00f3meno del sargazo en las playas.<\/p>\n<p>Sobre Canc\u00fan, el destino tur\u00edstico l\u00edder de M\u00e9xico, el Caribe y Am\u00e9rica Latina.<\/p>\n<p>Al igual que\u00a0los diplom\u00e1ticos finlandeses conocieron los proyectos estrat\u00e9gicos de desarrollo.<\/p>\n<p>As\u00ed\u00a0como lo son la rehabilitaci\u00f3n del bulevar Luis Donaldo Colosio, el distribuidor vial al aeropuerto internacional.<\/p>\n<p>Adem\u00e1s de\u00a0la avenida Chac Mool y el puente sobre la laguna Nichupt\u00e9.<\/p>\n<p>La acompa\u00f1aron Emmi Laine, Encargada de Asuntos Consulares, y Mar\u00eda Eli L\u00f3pez Reyes, C\u00f3nsul Honorario de Finlandia para Quintana Roo.<\/p>\n","protected":false},"excerpt":{"rendered":"<p>En el encuentro de la Gobernadora con la Embajadora de Finlandia dialogaron sobre temas en com\u00fan y de beneficio a las y los ciudadanos La gobernadora Mara Lezama Espinosa recibi\u00f3 a la embajadora de Finlandia en M\u00e9xico, P\u00e4ivi Pohjanheimo. As\u00ed como\u00a0con quien dialog\u00f3 sobre el avance de las mujeres en ocupar espacios para contribuir al [&hellip;]<\/p>\n","protected":false},"author":1,"featured_media":12856,"comment_status":"open","ping_status":"closed","sticky":false,"template":"","format":"standard","meta":{"footnotes":""},"categories":[10],"tags":[],"class_list":["post-12854","post","type-post","status-publish","format-standard","has-post-thumbnail","hentry","category-quintana-roo"],"_links":{"self":[{"href":"https:\/\/podernacional.com\/index.php?rest_route=\/wp\/v2\/posts\/12854","targetHints":{"allow":["GET"]}}],"collection":[{"href":"https:\/\/podernacional.com\/index.php?rest_route=\/wp\/v2\/posts"}],"about":[{"href":"https:\/\/podernacional.com\/index.php?rest_route=\/wp\/v2\/types\/post"}],"author":[{"embeddable":true,"href":"https:\/\/podernacional.com\/index.php?rest_route=\/wp\/v2\/users\/1"}],"replies":[{"embeddable":true,"href":"https:\/\/podernacional.com\/index.php?rest_route=%2Fwp%2Fv2%2Fcomments&post=12854"}],"version-history":[{"count":1,"href":"https:\/\/podernacional.com\/index.php?rest_route=\/wp\/v2\/posts\/12854\/revisions"}],"predecessor-version":[{"id":12855,"href":"https:\/\/podernacional.com\/index.php?rest_route=\/wp\/v2\/posts\/12854\/revisions\/12855"}],"wp:featuredmedia":[{"embeddable":true,"href":"https:\/\/podernacional.com\/index.php?rest_route=\/wp\/v2\/media\/12856"}],"wp:attachment":[{"href":"https:\/\/podernacional.com\/index.php?rest_route=%2Fwp%2Fv2%2Fmedia&parent=12854"}],"wp:term":[{"taxonomy":"category","embeddable":true,"href":"https:\/\/podernacional.com\/index.php?rest_route=%2Fwp%2Fv2%2Fcategories&post=12854"},{"taxonomy":"post_tag","embeddable":true,"href":"https:\/\/podernacional.com\/index.php?rest_route=%2Fwp%2Fv2%2Ftags&post=12854"}],"curies":[{"name":"wp","href":"https:\/\/api.w.org\/{rel}","templated":true}]}}