{"id":12857,"date":"2023-02-17T19:54:37","date_gmt":"2023-02-18T00:54:37","guid":{"rendered":"https:\/\/podernacional.com\/?p=12857"},"modified":"2023-02-18T00:54:45","modified_gmt":"2023-02-18T00:54:45","slug":"taxistas-protestan-por-entrada-de-uber-en-bacalar-quintana-roo","status":"publish","type":"post","link":"https:\/\/podernacional.com\/?p=12857","title":{"rendered":"Taxistas protestan por entrada de Uber en Bacalar, Quintana Roo"},"content":{"rendered":"<h4>El bloqueo de taxistas en el kil\u00f3metro cinco del tramo carretero Bacalar-Buenavista inici\u00f3 a las 07:30 horas.<\/h4>\n<p>Taxistas realizan un bloqueo en la v\u00eda federal Chetumal-Felipe Carrillo Puerto.<\/p>\n<p>Esto en protesta luego que la plataforma de Uber inici\u00f3 operaciones el 7 de febrero, en los municipios de Chetumal y Bacalar.<\/p>\n<p>Alrededor de las 7:30 de la ma\u00f1ana, choferes obstruyeron la autopista en el kil\u00f3metro cinco, en el tramo carretero Bacalar-Buenavista .<\/p>\n<p>El bloqueo provoc\u00f3 una fila interminable de conductores que transitaban por la v\u00eda.<\/p>\n<p>Adem\u00e1s que\u00a0por lo que de manera intermitente los inconformes abr\u00edan paso a la circulaci\u00f3n por escasos minutos.<\/p>\n<p>Esto\u00a0es especial para permitir el paso a personal m\u00e9dico o personas con alguna urgencia m\u00e9dica.<\/p>\n<p>Al lugar llegaron elementos de la Secretar\u00eda de la Defensa Nacional, quienes s\u00f3lo est\u00e1n a la expectativa.<\/p>\n<p>Al igual que\u00a0en espera de que gobierno del estado resuelva el problema.<\/p>\n<p>Bacalar es el tercer municipio en Quintana Roo en que la operadora Uber presta sus servicios<\/p>\n<p>Taxistas protestan por entrada de Uber en Bacalar, Quintana Roo<\/p>\n","protected":false},"excerpt":{"rendered":"<p>El bloqueo de taxistas en el kil\u00f3metro cinco del tramo carretero Bacalar-Buenavista inici\u00f3 a las 07:30 horas. Taxistas realizan un bloqueo en la v\u00eda federal Chetumal-Felipe Carrillo Puerto. Esto en protesta luego que la plataforma de Uber inici\u00f3 operaciones el 7 de febrero, en los municipios de Chetumal y Bacalar. Alrededor de las 7:30 de [&hellip;]<\/p>\n","protected":false},"author":1,"featured_media":12859,"comment_status":"open","ping_status":"closed","sticky":false,"template":"","format":"standard","meta":{"footnotes":""},"categories":[9],"tags":[],"class_list":["post-12857","post","type-post","status-publish","format-standard","has-post-thumbnail","hentry","category-politica"],"_links":{"self":[{"href":"https:\/\/podernacional.com\/index.php?rest_route=\/wp\/v2\/posts\/12857","targetHints":{"allow":["GET"]}}],"collection":[{"href":"https:\/\/podernacional.com\/index.php?rest_route=\/wp\/v2\/posts"}],"about":[{"href":"https:\/\/podernacional.com\/index.php?rest_route=\/wp\/v2\/types\/post"}],"author":[{"embeddable":true,"href":"https:\/\/podernacional.com\/index.php?rest_route=\/wp\/v2\/users\/1"}],"replies":[{"embeddable":true,"href":"https:\/\/podernacional.com\/index.php?rest_route=%2Fwp%2Fv2%2Fcomments&post=12857"}],"version-history":[{"count":1,"href":"https:\/\/podernacional.com\/index.php?rest_route=\/wp\/v2\/posts\/12857\/revisions"}],"predecessor-version":[{"id":12858,"href":"https:\/\/podernacional.com\/index.php?rest_route=\/wp\/v2\/posts\/12857\/revisions\/12858"}],"wp:featuredmedia":[{"embeddable":true,"href":"https:\/\/podernacional.com\/index.php?rest_route=\/wp\/v2\/media\/12859"}],"wp:attachment":[{"href":"https:\/\/podernacional.com\/index.php?rest_route=%2Fwp%2Fv2%2Fmedia&parent=12857"}],"wp:term":[{"taxonomy":"category","embeddable":true,"href":"https:\/\/podernacional.com\/index.php?rest_route=%2Fwp%2Fv2%2Fcategories&post=12857"},{"taxonomy":"post_tag","embeddable":true,"href":"https:\/\/podernacional.com\/index.php?rest_route=%2Fwp%2Fv2%2Ftags&post=12857"}],"curies":[{"name":"wp","href":"https:\/\/api.w.org\/{rel}","templated":true}]}}