{"id":12887,"date":"2023-02-18T17:32:58","date_gmt":"2023-02-18T22:32:58","guid":{"rendered":"https:\/\/podernacional.com\/?p=12887"},"modified":"2023-02-18T22:32:59","modified_gmt":"2023-02-18T22:32:59","slug":"festival-afro-caribeno-presenta-lista-de-artistas-invitados","status":"publish","type":"post","link":"https:\/\/podernacional.com\/?p=12887","title":{"rendered":"Festival Afro-Caribe\u00f1o presenta lista de artistas invitados"},"content":{"rendered":"<h4>Entre los artistas invitados al festival se encuentra Jacob Forever, reconocido por su diversidad entre la bachata, la m\u00fasica urbana, el rap latino y reggaet\u00f3n<\/h4>\n<p>Festival Afro-Caribe de Miramar.<\/p>\n<p>El Festival Anual Afro-Caribe\u00f1o (ACF) present\u00f3 la alineaci\u00f3n preliminar de artistas que participar\u00e1n en la tercera edici\u00f3n de este evento.<\/p>\n<p>El cual se\u00a0celebra la mezcla de culturas que han evolucionado a trav\u00e9s de los a\u00f1os.<\/p>\n<p>As\u00ed como estar\u00a0creando un v\u00ednculo compartido y muy arraigado con los or\u00edgenes africanos.<\/p>\n<p>El evento coincide con la celebraci\u00f3n del mes de la historia afroamericana y el mes del reggae, y se llevar\u00e1 a cabo el s\u00e1bado.<\/p>\n<p>Esto el\u00a025 de febrero de 2023, de 5 p.m. a 11 p.m. en el anfiteatro del Parque Regional en la ciudad de Miramar.<\/p>\n<p>El presidente ucraniano Volodymyr Zelenski da un discurso v\u00eda video durante la ceremonia de inauguraci\u00f3n.<\/p>\n<p>Esto\u00a0del Festival Internacional de Cine de Berl\u00edn en Berl\u00edn, Alemania, el 16 de febrero de 2023.<\/p>\n<p>CINE Zelenski pide apoyo a Ucrania en festival de Berl\u00edn<\/p>\n<p>Los asistentes podr\u00e1n disfrutar de g\u00e9neros musicales como el reggae, afrobeats, reggaet\u00f3n, salsa, entre otros.<\/p>\n<p>\u201cParte de lo que somos como pueblo, descendientes de ra\u00edces africanas y caribe\u00f1as, se refleja en la m\u00fasica, los instrumentos, la danza y la gastronom\u00eda\u201d.<\/p>\n<p>\u201cAdem\u00e1s de\u00a0los cuales conforman nuestra rica cultura y herencia\u201d.<\/p>\n<p>\u201cCuando escuchas la m\u00fasica de estos artistas, sin duda resuena profundamente en nuestra alma\u201d.<\/p>\n<p>\u201cAs\u00ed como que\u00a0y es lo que queremos traer a esta celebraci\u00f3n para nuestra comunidad multicultural en Miramar\u201d.<\/p>\n<p>As\u00ed como que\u00a0expres\u00f3 Alexandra P. Davis, comisionada de la ciudad de Miramar.<\/p>\n<h4>Presentaciones musicales<\/h4>\n<p>Entre los artistas invitados se encuentra el cubano Jacob Forever.<\/p>\n<p>Adem\u00e1s de estar\u00a0reconocido por su diversidad art\u00edstica entre la bachata, la m\u00fasica urbana, el rap latino y reggaet\u00f3n.<\/p>\n<p>Su carrera como solista comenz\u00f3 en el 2012 y de ah\u00ed en adelante sus \u00e9xitos vinieron uno tras otro.<\/p>\n<p>As\u00ed como estar, convirti\u00e9ndolo en uno de los artistas m\u00e1s esperados en diversos eventos por sus fusiones musicales.<\/p>\n<p>Jacob ha colaborado con importantes artistas internacionales como Farruko, Pitbull, Thalia, Enrique Iglesias, De La Ghetto y Nacho entre otros.<\/p>\n<p>Koffee, conocida popularmente como la \u2018embajadora del reggae de la energ\u00eda positiva\u2019, trae una innovadora presentaci\u00f3n.<\/p>\n<p>Adem\u00e1s de\u00a0lo cual la convierte en una de los talentos adolescentes m\u00e1s emocionantes y centrados que ha surgido en d\u00e9cadas.<\/p>\n<p>Con 122 millones de visitas, Koffee es conocida por su gran \u00e9xito Toast. A los 18 a\u00f1os, fue el artista de reggae m\u00e1s joven.<\/p>\n<h4>As\u00ed como\u00a0la primera en ganar un Grammy por mejor \u00e1lbum de reggae.<\/h4>\n<p>Sus contagiosas letras cargadas de \u2018patois\u2019 jamaiquino son las favoritas entre diversas audiencias, culturas en todo el mundo.<\/p>\n<p>El nigeriano Tekno, y autoproclamado Rey del Afropop, es un cantante, compositor y productor que ha estado calentando las ondas digitales.<\/p>\n<p>As\u00ed mismo como de la radio desde el debut de su \u00e9xito internacional de 2016, Pana.<\/p>\n<p>Desde entonces, ha lanzado una serie continua de \u00e9xitos y colabor\u00f3 en los sencillos Buga (Lo Lo Lo) con Kizz Daniel, Mufasa y Skeletun.<\/p>\n<p>Ahora radicado en los Estados Unidos, su m\u00fasica lleva positivismo a trav\u00e9s de melod\u00edas combinadas de afrobeats y afropop.<\/p>\n","protected":false},"excerpt":{"rendered":"<p>Entre los artistas invitados al festival se encuentra Jacob Forever, reconocido por su diversidad entre la bachata, la m\u00fasica urbana, el rap latino y reggaet\u00f3n Festival Afro-Caribe de Miramar. El Festival Anual Afro-Caribe\u00f1o (ACF) present\u00f3 la alineaci\u00f3n preliminar de artistas que participar\u00e1n en la tercera edici\u00f3n de este evento. El cual se\u00a0celebra la mezcla de [&hellip;]<\/p>\n","protected":false},"author":1,"featured_media":12889,"comment_status":"open","ping_status":"closed","sticky":false,"template":"","format":"standard","meta":{"footnotes":""},"categories":[2],"tags":[],"class_list":["post-12887","post","type-post","status-publish","format-standard","has-post-thumbnail","hentry","category-cultural"],"_links":{"self":[{"href":"https:\/\/podernacional.com\/index.php?rest_route=\/wp\/v2\/posts\/12887","targetHints":{"allow":["GET"]}}],"collection":[{"href":"https:\/\/podernacional.com\/index.php?rest_route=\/wp\/v2\/posts"}],"about":[{"href":"https:\/\/podernacional.com\/index.php?rest_route=\/wp\/v2\/types\/post"}],"author":[{"embeddable":true,"href":"https:\/\/podernacional.com\/index.php?rest_route=\/wp\/v2\/users\/1"}],"replies":[{"embeddable":true,"href":"https:\/\/podernacional.com\/index.php?rest_route=%2Fwp%2Fv2%2Fcomments&post=12887"}],"version-history":[{"count":1,"href":"https:\/\/podernacional.com\/index.php?rest_route=\/wp\/v2\/posts\/12887\/revisions"}],"predecessor-version":[{"id":12888,"href":"https:\/\/podernacional.com\/index.php?rest_route=\/wp\/v2\/posts\/12887\/revisions\/12888"}],"wp:featuredmedia":[{"embeddable":true,"href":"https:\/\/podernacional.com\/index.php?rest_route=\/wp\/v2\/media\/12889"}],"wp:attachment":[{"href":"https:\/\/podernacional.com\/index.php?rest_route=%2Fwp%2Fv2%2Fmedia&parent=12887"}],"wp:term":[{"taxonomy":"category","embeddable":true,"href":"https:\/\/podernacional.com\/index.php?rest_route=%2Fwp%2Fv2%2Fcategories&post=12887"},{"taxonomy":"post_tag","embeddable":true,"href":"https:\/\/podernacional.com\/index.php?rest_route=%2Fwp%2Fv2%2Ftags&post=12887"}],"curies":[{"name":"wp","href":"https:\/\/api.w.org\/{rel}","templated":true}]}}