{"id":12890,"date":"2023-02-18T17:34:13","date_gmt":"2023-02-18T22:34:13","guid":{"rendered":"https:\/\/podernacional.com\/?p=12890"},"modified":"2023-02-18T22:34:14","modified_gmt":"2023-02-18T22:34:14","slug":"festival-de-vina-2023-los-artistas-que-se-presentaran-en-el-gala-del-festival","status":"publish","type":"post","link":"https:\/\/podernacional.com\/?p=12890","title":{"rendered":"Festival de Vi\u00f1a 2023: Los artistas que se presentar\u00e1n en el gala del Festival"},"content":{"rendered":"<h4>Conoce el listado de cantantes que participar\u00e1n del festival.<\/h4>\n<p>Festival de Vi\u00f1a 2023: Karol G es una de las artistas que se presentar\u00e1 en el Festival de Vi\u00f1a.<\/p>\n<p>Tras una paralizaci\u00f3n de tres a\u00f1os, regresa una nueva edici\u00f3n del Festival de Vi\u00f1a del Mar.<\/p>\n<p>El evento\u00a0se extender\u00e1 entre el domingo 19 y el viernes 24 de febrero y contar\u00e1 con la animaci\u00f3n de Mart\u00edn C\u00e1rcamo y Mar\u00eda Luisa Godoy.<\/p>\n<p>Raffaella Carr\u00e0, la \u2018reina\u2019 que tuvo a sus pies al p\u00fablico del Festival de Vi\u00f1a del Mar<\/p>\n<p>Mirella Cesa alcanza la gloria en el Festival de Vi\u00f1a del Mar<\/p>\n<p>Dayanara retorna al escenario en el Festival de Vi\u00f1a del Mar para su segunda participaci\u00f3n en competencia internacional<\/p>\n<p>Entre las grandes novedades est\u00e1 la presencia de la cantautora peruana Milena Warthon.<\/p>\n<p>Adem\u00e1s de\u00a0quien participar\u00e1 en la competencia folcl\u00f3rica interpretando el tema \u201cWarmisitay\u201d.<\/p>\n<p>La oferta de artistas fue revel\u00e1ndose paulatinamente desde octubre pasado, con Polim\u00e1 Westcoast, Paloma Mami y Nicki Nicole entre los confirmados iniciales.<\/p>\n<p>Los artistas que se presentar\u00e1n en el Festival de Vi\u00f1a 2023<\/p>\n<h4>La parrilla del Festival de Vi\u00f1a 2023 es el siguiente:<\/h4>\n<h4>Domingo 19 de febrero:<\/h4>\n<p>Karol G.<\/p>\n<p>Pamela Leiva.<\/p>\n<p>Paloma Mami.<\/p>\n<h4>Lunes 20 de febrero:<\/h4>\n<p>Tini.<\/p>\n<p>Diego Urrutia.<\/p>\n<p>Emilia.<\/p>\n<h4>Martes 21 de febrero:<\/h4>\n<p>Alejandro Fern\u00e1ndez.<\/p>\n<p>Bel\u00e9n Mora.<\/p>\n<p>Los Jaivas.<\/p>\n<h4>Mi\u00e9rcoles 22 de febrero:<\/h4>\n<p>Fito P\u00e1ez.<\/p>\n<p>Rodrigo Villegas.<\/p>\n<p>Rels B.<\/p>\n<h4>Jueves 23 de febrero:<\/h4>\n<p>Christina Aguilera.<\/p>\n<p>Fabrizio Copano.<\/p>\n<p>Polim\u00e1 Westcoast.<\/p>\n<h4>Viernes 24 de febrero:<\/h4>\n<p>Camilo.<\/p>\n<p>Laila Roth.<\/p>\n<p>Nicki Nicole.<\/p>\n<h4>\u00bfD\u00f3nde ver el Festival de Vi\u00f1a 2023?<\/h4>\n<p>Star Plus ser\u00e1 el \u00fanico servicio de streaming que transmitir\u00e1 \u00edntegramente el evento en vivo para Am\u00e9rica Latina en 2023 y 2024. (E)<\/p>\n","protected":false},"excerpt":{"rendered":"<p>Conoce el listado de cantantes que participar\u00e1n del festival. Festival de Vi\u00f1a 2023: Karol G es una de las artistas que se presentar\u00e1 en el Festival de Vi\u00f1a. Tras una paralizaci\u00f3n de tres a\u00f1os, regresa una nueva edici\u00f3n del Festival de Vi\u00f1a del Mar. El evento\u00a0se extender\u00e1 entre el domingo 19 y el viernes 24 [&hellip;]<\/p>\n","protected":false},"author":1,"featured_media":12892,"comment_status":"open","ping_status":"closed","sticky":false,"template":"","format":"standard","meta":{"footnotes":""},"categories":[4],"tags":[],"class_list":["post-12890","post","type-post","status-publish","format-standard","has-post-thumbnail","hentry","category-espectaculos"],"_links":{"self":[{"href":"https:\/\/podernacional.com\/index.php?rest_route=\/wp\/v2\/posts\/12890","targetHints":{"allow":["GET"]}}],"collection":[{"href":"https:\/\/podernacional.com\/index.php?rest_route=\/wp\/v2\/posts"}],"about":[{"href":"https:\/\/podernacional.com\/index.php?rest_route=\/wp\/v2\/types\/post"}],"author":[{"embeddable":true,"href":"https:\/\/podernacional.com\/index.php?rest_route=\/wp\/v2\/users\/1"}],"replies":[{"embeddable":true,"href":"https:\/\/podernacional.com\/index.php?rest_route=%2Fwp%2Fv2%2Fcomments&post=12890"}],"version-history":[{"count":1,"href":"https:\/\/podernacional.com\/index.php?rest_route=\/wp\/v2\/posts\/12890\/revisions"}],"predecessor-version":[{"id":12891,"href":"https:\/\/podernacional.com\/index.php?rest_route=\/wp\/v2\/posts\/12890\/revisions\/12891"}],"wp:featuredmedia":[{"embeddable":true,"href":"https:\/\/podernacional.com\/index.php?rest_route=\/wp\/v2\/media\/12892"}],"wp:attachment":[{"href":"https:\/\/podernacional.com\/index.php?rest_route=%2Fwp%2Fv2%2Fmedia&parent=12890"}],"wp:term":[{"taxonomy":"category","embeddable":true,"href":"https:\/\/podernacional.com\/index.php?rest_route=%2Fwp%2Fv2%2Fcategories&post=12890"},{"taxonomy":"post_tag","embeddable":true,"href":"https:\/\/podernacional.com\/index.php?rest_route=%2Fwp%2Fv2%2Ftags&post=12890"}],"curies":[{"name":"wp","href":"https:\/\/api.w.org\/{rel}","templated":true}]}}