{"id":1292,"date":"2020-09-09T23:50:57","date_gmt":"2020-09-09T23:50:57","guid":{"rendered":"http:\/\/whatsappcancun.com\/?p=1292"},"modified":"2020-09-09T23:50:57","modified_gmt":"2020-09-09T23:50:57","slug":"kim-jong-un-prohibe-los-perros-como-mascota-en-corea-del-norte","status":"publish","type":"post","link":"https:\/\/podernacional.com\/?p=1292","title":{"rendered":"Kim Jong-un proh\u00edbe los perros como mascota en Corea del Norte"},"content":{"rendered":"\n<p>Hace unos meses se especul\u00f3 con su muerte despu\u00e9s de que permaneciera varias semanas oculto y sin dar se\u00f1ales de vida, pero&nbsp;Kim Jong-un, l\u00edder de Corea del Norte,&nbsp;sali\u00f3 al paso de los rumores sobre su estado de salud y despu\u00e9s de algunas apariciones en p\u00fablico, ha dejado claro que&nbsp;sigue dirigiendo el pa\u00eds asi\u00e1tico con mano de hierro y prohibiendo todo aquello que recuerde a occidente.<\/p>\n\n\n\n<h5 class=\"wp-block-heading\">La prohibici\u00f3n de Kim Jong-un<\/h5>\n\n\n\n<p>La \u00faltima de estas prohibiciones, seg\u00fan informa el peri\u00f3dico surcoreano&nbsp;<em>Chosun Ilbo<\/em>, lleg\u00f3 el pasado mes de julio y&nbsp;es que los ciudadanos de la capital&nbsp;de Corea del Norte, Pyongyang,&nbsp;no puedan tener un perro como mascota, ya que&nbsp;para Kim Jong-un&nbsp;es una \u201ctendencia contaminada por la ideolog\u00eda burguesa\u201d y supone un reflejo de \u201cla decadencia de occidente\u201d.<\/p>\n\n\n\n<p>La decisi\u00f3n del l\u00edder comunista ha generado una enorme preocupaci\u00f3n y temor entre los ciudadanos norcoreanos que son due\u00f1os de un can, ya que&nbsp;temen que se produzca una redada&nbsp;para confiscar sus animales&nbsp;con un \u00fanico objetivo: el sacrificio de los perros para el consumo humano en algunos de los restaurantes de Pyongyang,&nbsp;algo habitual en el pa\u00eds asi\u00e1tico, donde adem\u00e1s en la actualidad hay una escasez de alimentos.<\/p>\n\n\n\n<p><em>Chosun Ilbo<\/em>&nbsp;publica que la decisi\u00f3n de Kim Jong-un responde a la tendencia de los ciudadanos m\u00e1s pudientes a tener un perro como mascota, algo que no ven con buenos ojos los norcoreanos de clase m\u00e1s baja.&nbsp;\u201cLa gente normal cr\u00eda cerdos y pollos en sus porches, mientras que los oficiales de alto rango y la gente rica posee perros, lo que ha generado algo de resentimiento\u201d,&nbsp;explica una fuente al diario surcoreano.&nbsp;\u201cAs\u00ed que las autoridades han identificado a los hogares con perros y est\u00e1n forz\u00e1ndoles a entregarlos o se est\u00e1n confiscando y los est\u00e1n matando\u201d,&nbsp;agrega esta misma fuente.<\/p>\n","protected":false},"excerpt":{"rendered":"<p>Hace unos meses se especul\u00f3 con su muerte despu\u00e9s de que permaneciera varias semanas oculto y sin dar se\u00f1ales de vida, pero&nbsp;Kim Jong-un, l\u00edder de Corea del Norte,&nbsp;sali\u00f3 al paso de los rumores sobre su estado de salud y despu\u00e9s de algunas apariciones en p\u00fablico, ha dejado claro que&nbsp;sigue dirigiendo el pa\u00eds asi\u00e1tico con mano [&hellip;]<\/p>\n","protected":false},"author":1,"featured_media":1293,"comment_status":"open","ping_status":"open","sticky":false,"template":"","format":"standard","meta":{"footnotes":""},"categories":[12],"tags":[],"class_list":["post-1292","post","type-post","status-publish","format-standard","has-post-thumbnail","hentry","category-sin-categoria"],"_links":{"self":[{"href":"https:\/\/podernacional.com\/index.php?rest_route=\/wp\/v2\/posts\/1292","targetHints":{"allow":["GET"]}}],"collection":[{"href":"https:\/\/podernacional.com\/index.php?rest_route=\/wp\/v2\/posts"}],"about":[{"href":"https:\/\/podernacional.com\/index.php?rest_route=\/wp\/v2\/types\/post"}],"author":[{"embeddable":true,"href":"https:\/\/podernacional.com\/index.php?rest_route=\/wp\/v2\/users\/1"}],"replies":[{"embeddable":true,"href":"https:\/\/podernacional.com\/index.php?rest_route=%2Fwp%2Fv2%2Fcomments&post=1292"}],"version-history":[{"count":0,"href":"https:\/\/podernacional.com\/index.php?rest_route=\/wp\/v2\/posts\/1292\/revisions"}],"wp:featuredmedia":[{"embeddable":true,"href":"https:\/\/podernacional.com\/index.php?rest_route=\/wp\/v2\/media\/1293"}],"wp:attachment":[{"href":"https:\/\/podernacional.com\/index.php?rest_route=%2Fwp%2Fv2%2Fmedia&parent=1292"}],"wp:term":[{"taxonomy":"category","embeddable":true,"href":"https:\/\/podernacional.com\/index.php?rest_route=%2Fwp%2Fv2%2Fcategories&post=1292"},{"taxonomy":"post_tag","embeddable":true,"href":"https:\/\/podernacional.com\/index.php?rest_route=%2Fwp%2Fv2%2Ftags&post=1292"}],"curies":[{"name":"wp","href":"https:\/\/api.w.org\/{rel}","templated":true}]}}