{"id":12960,"date":"2023-02-20T16:42:36","date_gmt":"2023-02-20T21:42:36","guid":{"rendered":"https:\/\/podernacional.com\/?p=12960"},"modified":"2023-02-20T21:42:37","modified_gmt":"2023-02-20T21:42:37","slug":"pop-rock-y-electronica-en-la-tercera-fecha-del-festival-refresco","status":"publish","type":"post","link":"https:\/\/podernacional.com\/?p=12960","title":{"rendered":"Pop, rock y electr\u00f3nica en la tercera fecha del Festival Refresco"},"content":{"rendered":"<h4>Fransia, Proyecto Gomez Casa y Barco dijeron presente en Niceto Club en lo que fue una nueva jornada del festival.<\/h4>\n<p>Festival Refresco: Este viernes se realiz\u00f3 una nueva fecha del Festival Refresco en Niceto Club, evento que durante cinco vol\u00famenes propone shows disruptivos.<\/p>\n<p>As\u00ed como estar\u00a0mezclando distintas bandas de la escena local y d\u00e1ndoles el espacio para que expongan su m\u00fasica.<\/p>\n<p>Para esta ocasi\u00f3n, a los que les toco explotar el lugar fue a Fransia, Barco y Proyecto Gomez Casa.<\/p>\n<p>Lugar en\u00a0donde cada uno trajo una propuesta completamente distinta al escenario.<\/p>\n<p>La que estuvo a cargo de abrir el festival fue Fransia, que arriba del escenario se plant\u00f3 como una popstar.<\/p>\n<p>El cual est\u00e1 trayendo una puesta similar a artistas como Jessie Ware.<\/p>\n<p>As\u00ed como\u00a0que con su mezcla de pop, disco y funk puso a todo Niceto a bailar y a emocionarse.<\/p>\n<p>Adem\u00e1s, no solo adelanto m\u00fasica nueva, sino que tambi\u00e9n puso emocional el show cuando anuncio la despedida del bajista de la banda.<\/p>\n<h4>Despu\u00e9s la batuta la tomo Barco, el grupo liderado por Ale \u00c1lvarez.<\/h4>\n<p>Adem\u00e1s de\u00a0que volvi\u00f3 a los escenarios con todo, trayendo la cuota de rock que necesitaba el festival.<\/p>\n<p>Adelantaron \u201cMe pierdo\u201d, de lo que ser\u00e1 su pr\u00f3ximo \u00e1lbum, tocaron sus \u00e9xitos \u201cBuen trato\u201d, \u201cNo lugar\u201d y \u201cMillonarios\u201d.<\/p>\n<p>Adem\u00e1s cerraron con \u201cEso es amor\u201d, para despedirse con todo de su p\u00fablico y anticipando que se viene un a\u00f1o movido para la banda.<\/p>\n<p>La frutilla del postre y el mejor cierre estuvo por parte de Proyecto Gomez Casa, que trajo un power tr\u00edo lleno de sintetizadores.<\/p>\n<p>As\u00ed como de\u00a0m\u00e1quinas de ritmo con el propio G\u00f3mez liderando todo desde la bater\u00eda.<\/p>\n<p>Toco \u201cCu\u00e1l es tu n\u00facleo\u201d, el feat que tiene con Ca7riel y tambi\u00e9n \u201cTranquilo\u201d, imponiendo un ambiente electr\u00f3nico.<\/p>\n<p>En donde la gente ya hab\u00eda entrado en su viaje.<\/p>\n<p>Gomez Casa canto en ingl\u00e9s y en espa\u00f1ol, se puso al frente de todos con la guitarra e inclusive en su m\u00fasica meti\u00f3 dejes de trash y punk.<\/p>\n<p>As\u00ed como estar\u00a0d\u00e1ndole el cierre perfecto a otra edici\u00f3n del Festival Refresco.<\/p>\n<p>&nbsp;<\/p>\n","protected":false},"excerpt":{"rendered":"<p>Fransia, Proyecto Gomez Casa y Barco dijeron presente en Niceto Club en lo que fue una nueva jornada del festival. Festival Refresco: Este viernes se realiz\u00f3 una nueva fecha del Festival Refresco en Niceto Club, evento que durante cinco vol\u00famenes propone shows disruptivos. As\u00ed como estar\u00a0mezclando distintas bandas de la escena local y d\u00e1ndoles el [&hellip;]<\/p>\n","protected":false},"author":1,"featured_media":12962,"comment_status":"open","ping_status":"closed","sticky":false,"template":"","format":"standard","meta":{"footnotes":""},"categories":[2],"tags":[],"class_list":["post-12960","post","type-post","status-publish","format-standard","has-post-thumbnail","hentry","category-cultural"],"_links":{"self":[{"href":"https:\/\/podernacional.com\/index.php?rest_route=\/wp\/v2\/posts\/12960","targetHints":{"allow":["GET"]}}],"collection":[{"href":"https:\/\/podernacional.com\/index.php?rest_route=\/wp\/v2\/posts"}],"about":[{"href":"https:\/\/podernacional.com\/index.php?rest_route=\/wp\/v2\/types\/post"}],"author":[{"embeddable":true,"href":"https:\/\/podernacional.com\/index.php?rest_route=\/wp\/v2\/users\/1"}],"replies":[{"embeddable":true,"href":"https:\/\/podernacional.com\/index.php?rest_route=%2Fwp%2Fv2%2Fcomments&post=12960"}],"version-history":[{"count":1,"href":"https:\/\/podernacional.com\/index.php?rest_route=\/wp\/v2\/posts\/12960\/revisions"}],"predecessor-version":[{"id":12961,"href":"https:\/\/podernacional.com\/index.php?rest_route=\/wp\/v2\/posts\/12960\/revisions\/12961"}],"wp:featuredmedia":[{"embeddable":true,"href":"https:\/\/podernacional.com\/index.php?rest_route=\/wp\/v2\/media\/12962"}],"wp:attachment":[{"href":"https:\/\/podernacional.com\/index.php?rest_route=%2Fwp%2Fv2%2Fmedia&parent=12960"}],"wp:term":[{"taxonomy":"category","embeddable":true,"href":"https:\/\/podernacional.com\/index.php?rest_route=%2Fwp%2Fv2%2Fcategories&post=12960"},{"taxonomy":"post_tag","embeddable":true,"href":"https:\/\/podernacional.com\/index.php?rest_route=%2Fwp%2Fv2%2Ftags&post=12960"}],"curies":[{"name":"wp","href":"https:\/\/api.w.org\/{rel}","templated":true}]}}