{"id":12963,"date":"2023-02-20T16:50:56","date_gmt":"2023-02-20T21:50:56","guid":{"rendered":"https:\/\/podernacional.com\/?p=12963"},"modified":"2023-02-20T21:50:58","modified_gmt":"2023-02-20T21:50:58","slug":"festival-de-orquestas-infantiles-y-juveniles-de-argentina","status":"publish","type":"post","link":"https:\/\/podernacional.com\/?p=12963","title":{"rendered":"Festival de Orquestas Infantiles y Juveniles de Argentina"},"content":{"rendered":"<h4>Organizado por la Fundaci\u00f3n Soijar y con el apoyo del Instituto Cultural de la Provincia de Buenos Aires.<\/h4>\n<p>Festival de Orquestas Infantiles: Por ende el encuentro transitar\u00e1 su s\u00e9ptima edici\u00f3n y convocar\u00e1 a m\u00e1s de 500 j\u00f3venes m\u00fasicos y m\u00fasicas de todo el pa\u00eds.<\/p>\n<p>\u201cLa m\u00fasica es un instrumento que transforma vidas y construye comunidad\u201d.<\/p>\n<p>Esa es la premisa central del Festival de Orquestas Infantiles y Juveniles de Argentina, organizado por la Fundaci\u00f3n Soijar.<\/p>\n<p>El cual\u00a0tendr\u00e1 lugar desde este martes hasta el 27 de febrero en la ciudad de Chascom\u00fas.<\/p>\n<p>Con el apoyo del Instituto Cultural de la Provincia de Buenos Aires, el evento transitar\u00e1 su s\u00e9ptima edici\u00f3n.<\/p>\n<p>As\u00ed como que convocar\u00e1 a m\u00e1s de 500 j\u00f3venes m\u00fasicos y m\u00fasicas de todo el pa\u00eds.<\/p>\n<h4>\u201cDesde 2010 hemos logrado la representatividad federal\u201d.<\/h4>\n<p>\u201cPara nosotros es muy importante cultivar los programas de la Fundaci\u00f3n Soijar de manera sist\u00e9mica y federal\u201d, resalta Valeria Atela.<\/p>\n<p>As\u00ed como la\u00a0presidenta de la fundaci\u00f3n y directora del festival.<\/p>\n<p>\u201cQue cada acci\u00f3n que podamos hacer se irradie en todo el territorio, porque creemos profundamente en la m\u00fasica\u201d.<\/p>\n<p>\u201cEsto como un instrumento que transforma a las personas pero tambi\u00e9n a las comunidades\u201d, fundamenta.<\/p>\n<p>\u201cLo que buscamos es que en cada orquesta se conforme el reflejo de la diversidad de cada comunidad\u201d.<\/p>\n<p>\u201cAs\u00ed como\u00a0que al empezar a hacer m\u00fasica en una orquesta-escuela o coro-escuela los chicos puedan encontrar lo maravilloso de sentirse esencialmente iguales\u201d.<\/p>\n<p>\u201cAdem\u00e1s de que\u00a0m\u00e1s all\u00e1 de sus contextos y sus historias de vida\u201d, explica Atela.<\/p>\n<p>\u201cY eso es s\u00faper importante porque no se da en muchos espacios\u201d.<\/p>\n<h4>As\u00ed\u00a0ya que todo depende de la escuela a la que vayan o el barrio del que provengan.<\/h4>\n<p>En general, est\u00e1 todo s\u00faper sectorizado. Y para nosotros la integraci\u00f3n es uno de los principios m\u00e1s fuertes que nos desvela cultivar\u201d.<\/p>\n<p>Adem\u00e1s de\u00a0precisa la tambi\u00e9n creadora de la Orquesta Escuela de Chascom\u00fas, la primera en la materia en el pa\u00eds.<\/p>\n<p>\u201cEntonces, un ni\u00f1o que vivencia este tipo de experiencias genera un impacto emocional y cognitivo\u201d.<\/p>\n<p>Durante una semana, ni\u00f1os, ni\u00f1as, j\u00f3venes y l\u00edderes provenientes de las 24 jurisdicciones de la Argentina.<\/p>\n<p>El cual compartir\u00e1n una agenda con actividades orientadas a proyectar las capacidades individuales y colectivas.<\/p>\n<p>El festival comenzar\u00e1 este martes a las 19.30 en el Parque Libres del Sur con la Gala L\u00edrica de Apertura.<\/p>\n<p>Esto\u00a0a cargo de la anfitriona Orquesta Escuela de Chascom\u00fas, m\u00e1s \u201cembajadores-multiplicadores\u201d de todo el pa\u00eds.<\/p>\n<p>El cual estar\u00e1 bajo la direcci\u00f3n del maestro Carlos Vieu y contar\u00e1 con la participaci\u00f3n de la soprano Marina Silva.<\/p>\n<p>As\u00ed como de\u00a0la mezzosoprano Alejandra Malvino, el tenor Enrique Folger y el bar\u00edtono Ricardo Crampton.<\/p>\n<p>Adem\u00e1s de que\u00a0actualmente integrante de la Compagina d\u2019Opera Italiana Firenze.<\/p>\n<p>El p\u00fablico tambi\u00e9n podr\u00e1 disfrutar de los Conciertos Al Atardecer, que se realizar\u00e1n el mi\u00e9rcoles, jueves y viernes (22, 23 y 24).<\/p>\n<p>Esto\u00a0a las 19.30 tambi\u00e9n en el Parque Libres del Sur, a cargo de agrupaciones musicales de todo el pa\u00eds.<\/p>\n<p>As\u00ed como\u00a0con la laguna de Chascom\u00fas como tel\u00f3n de fondo.<\/p>\n<p>&nbsp;<\/p>\n","protected":false},"excerpt":{"rendered":"<p>Organizado por la Fundaci\u00f3n Soijar y con el apoyo del Instituto Cultural de la Provincia de Buenos Aires. Festival de Orquestas Infantiles: Por ende el encuentro transitar\u00e1 su s\u00e9ptima edici\u00f3n y convocar\u00e1 a m\u00e1s de 500 j\u00f3venes m\u00fasicos y m\u00fasicas de todo el pa\u00eds. \u201cLa m\u00fasica es un instrumento que transforma vidas y construye comunidad\u201d. [&hellip;]<\/p>\n","protected":false},"author":1,"featured_media":12965,"comment_status":"open","ping_status":"closed","sticky":false,"template":"","format":"standard","meta":{"footnotes":""},"categories":[5],"tags":[],"class_list":["post-12963","post","type-post","status-publish","format-standard","has-post-thumbnail","hentry","category-internacional"],"_links":{"self":[{"href":"https:\/\/podernacional.com\/index.php?rest_route=\/wp\/v2\/posts\/12963","targetHints":{"allow":["GET"]}}],"collection":[{"href":"https:\/\/podernacional.com\/index.php?rest_route=\/wp\/v2\/posts"}],"about":[{"href":"https:\/\/podernacional.com\/index.php?rest_route=\/wp\/v2\/types\/post"}],"author":[{"embeddable":true,"href":"https:\/\/podernacional.com\/index.php?rest_route=\/wp\/v2\/users\/1"}],"replies":[{"embeddable":true,"href":"https:\/\/podernacional.com\/index.php?rest_route=%2Fwp%2Fv2%2Fcomments&post=12963"}],"version-history":[{"count":1,"href":"https:\/\/podernacional.com\/index.php?rest_route=\/wp\/v2\/posts\/12963\/revisions"}],"predecessor-version":[{"id":12964,"href":"https:\/\/podernacional.com\/index.php?rest_route=\/wp\/v2\/posts\/12963\/revisions\/12964"}],"wp:featuredmedia":[{"embeddable":true,"href":"https:\/\/podernacional.com\/index.php?rest_route=\/wp\/v2\/media\/12965"}],"wp:attachment":[{"href":"https:\/\/podernacional.com\/index.php?rest_route=%2Fwp%2Fv2%2Fmedia&parent=12963"}],"wp:term":[{"taxonomy":"category","embeddable":true,"href":"https:\/\/podernacional.com\/index.php?rest_route=%2Fwp%2Fv2%2Fcategories&post=12963"},{"taxonomy":"post_tag","embeddable":true,"href":"https:\/\/podernacional.com\/index.php?rest_route=%2Fwp%2Fv2%2Ftags&post=12963"}],"curies":[{"name":"wp","href":"https:\/\/api.w.org\/{rel}","templated":true}]}}