{"id":12966,"date":"2023-02-20T16:56:21","date_gmt":"2023-02-20T21:56:21","guid":{"rendered":"https:\/\/podernacional.com\/?p=12966"},"modified":"2023-02-20T21:56:23","modified_gmt":"2023-02-20T21:56:23","slug":"el-festival-de-peralada-construye-un-auditorio-permanente-con-salas-de-ensayo-y-museo","status":"publish","type":"post","link":"https:\/\/podernacional.com\/?p=12966","title":{"rendered":"El Festival de Peralada construye un auditorio permanente con salas de ensayo y museo"},"content":{"rendered":"<h4>A causa de las obras, la programaci\u00f3n de este verano ser\u00e1 testimonial y se desarrollar\u00e1 en la iglesia del Carme<\/h4>\n<p>El Festival de Peralada: Render sobre el proyecto a vista de p\u00e1jaro<\/p>\n<p>El render a vista de p\u00e1jaro sobre el proyecto muestra la edificaci\u00f3n permanente.<\/p>\n<p>As\u00ed como de\u00a0las paredes que han de contribuir a una mejor ac\u00fastica desde las 1.566 localidades<\/p>\n<p>El Festival de Peralada construye un auditorio permanente con salas de ensayo y museo<\/p>\n<p>El p\u00fablico de una cita cultural veraniega que como el Festival Castell de Peralada quiere ser exquisita.<\/p>\n<p>El cual\u00a0no pod\u00eda seguir por m\u00e1s tiempo acomod\u00e1ndose en sillas de playa en el Auditori del Parc.<\/p>\n<p>El espacio que a\u00f1o tras a\u00f1o se especializa en delicatessen de \u00f3pera y danza.<\/p>\n<p>As\u00ed como que\u00a0va perfeccionando su ac\u00fastica con falsas paredes se deb\u00eda en este sentido una reforma.<\/p>\n<h4>Pero la familia Suqu\u00e9-Mateu, organizadora del evento, ha ido mucho m\u00e1s lejos.<\/h4>\n<p>Al igual que\u00a0este mes de marzo iniciar\u00e1 las obras de un nuevo auditorio que ser\u00e1 permanente, no desmontable.<\/p>\n<p>Adem\u00e1s\u00a0que, si bien seguir\u00e1 estando al aire libre, contar\u00e1 con un escenario polivalente.<\/p>\n<p>As\u00ed como\u00a0con un edificio adosado de 6.000 m\u00b2 utilizables que albergar\u00e1 una sala de ensayos polivalente.<\/p>\n<p>Esto\u00a0para acoger residencias art\u00edsticas, una futura aula de artes esc\u00e9nicas y un espacio muse\u00edstico para poner en contexto la historia del festival.<\/p>\n<p>El cartel de este a\u00f1o no se ha anunciado todav\u00eda pero entre las actuaciones cabe destacar el regreso al festival de Jordi Savall<\/p>\n<p>El equipo de Jordi Marc\u00e9 Arquitectes, especialista en planteamientos urban\u00edsticos.<\/p>\n<p>Adem\u00e1s de que\u00a0se encarga del proyecto de construcci\u00f3n que tiene un presupuesto que supera los cuatro millones de euros.<\/p>\n<p>La obra durar\u00e1 un a\u00f1o, por lo que la edici\u00f3n del festival ser\u00e1 este verano testimonial.<\/p>\n<p>Adem\u00e1s de estar\u00a0limitando las actuaciones a la iglesia del Carme y su claustro.<\/p>\n<p>El cartel ser\u00e1 anunciado esta primavera pero seg\u00fan ha podido saber La Vanguardia, entre las actuaciones cabe destacar el regreso al festival de Jordi Savall.<\/p>\n<h4>Una simulaci\u00f3n del aspecto de la venue<\/h4>\n<p>La nueva edificaci\u00f3n, cuyo patio de butacas tendr\u00e1 un aforo de 1.566 localidades.<\/p>\n<p>El cual\u00a0responder\u00e1 a un look contempor\u00e1neo sin dejar de ser respetuoso con el entorno patrimonial monumental.<\/p>\n<p>Esto\u00a0seg\u00fan explica el director del festival, Oriol Aguil\u00e0. \u00abSe integrar\u00e1 en el paisaje con un esp\u00edritu de Emp\u00faries, de Mediterr\u00e1neo&#8230;\u00bb<\/p>\n<p>El planteamiento es que el espacio sea \u00a0polivalente, de manera que pueda ser el aula de artes esc\u00e9nicas del Empord\u00e0\u00bb<\/p>\n<p>Director art\u00edstico del Festival de Peralada<\/p>\n<p>\u00abEl planteamiento es que este espacio tenga una polivalencia de manera que pueda ser el aula de artes esc\u00e9nicas del Empord\u00e0\u00bb.<\/p>\n<h4>Esto lo explica Aguil\u00e0 visiblemente ilusionado.<\/h4>\n<p>\u00abEn el Empord\u00e0 el festival ocupa ese lugar que en Barcelona ocupa el Liceu, en Madrid el Teatro Real o en Sevilla el de la Maestranza.<\/p>\n<p>As\u00ed como\u00a0un escenario al que poder invitar, por ejemplo, a las grandes compa\u00f1\u00edas de danza\u00bb,<\/p>\n<p>El patio de butacas contar\u00e1 con 1.566 localidades fijas<\/p>\n<p>Aspecto de la entrada al patio de butacas, que contar\u00e1 con 1.566 localidades fijas Jordi Marc\u00e9 Arquitectes<\/p>\n<p>Disponer de una casa supone un cambio radical para este festival en cuyo \u00e1nimo est\u00e1 el producir \u00f3peras.<\/p>\n<p>Esto\u00a0pues eso les permite trabajar en backstage de forma desestacionalizada, invirtiendo el mes de junio para ensayos en la sala grande.<\/p>\n<p>Se acab\u00f3 la cuenta atr\u00e1s de los montajes. \u00abTodo lo que puedes hacer ya en primavera nos cambia la vida\u00bb, se\u00f1ala Aguil\u00e0.<\/p>\n","protected":false},"excerpt":{"rendered":"<p>A causa de las obras, la programaci\u00f3n de este verano ser\u00e1 testimonial y se desarrollar\u00e1 en la iglesia del Carme El Festival de Peralada: Render sobre el proyecto a vista de p\u00e1jaro El render a vista de p\u00e1jaro sobre el proyecto muestra la edificaci\u00f3n permanente. As\u00ed como de\u00a0las paredes que han de contribuir a una [&hellip;]<\/p>\n","protected":false},"author":1,"featured_media":12968,"comment_status":"open","ping_status":"closed","sticky":false,"template":"","format":"standard","meta":{"footnotes":""},"categories":[4],"tags":[],"class_list":["post-12966","post","type-post","status-publish","format-standard","has-post-thumbnail","hentry","category-espectaculos"],"_links":{"self":[{"href":"https:\/\/podernacional.com\/index.php?rest_route=\/wp\/v2\/posts\/12966","targetHints":{"allow":["GET"]}}],"collection":[{"href":"https:\/\/podernacional.com\/index.php?rest_route=\/wp\/v2\/posts"}],"about":[{"href":"https:\/\/podernacional.com\/index.php?rest_route=\/wp\/v2\/types\/post"}],"author":[{"embeddable":true,"href":"https:\/\/podernacional.com\/index.php?rest_route=\/wp\/v2\/users\/1"}],"replies":[{"embeddable":true,"href":"https:\/\/podernacional.com\/index.php?rest_route=%2Fwp%2Fv2%2Fcomments&post=12966"}],"version-history":[{"count":1,"href":"https:\/\/podernacional.com\/index.php?rest_route=\/wp\/v2\/posts\/12966\/revisions"}],"predecessor-version":[{"id":12967,"href":"https:\/\/podernacional.com\/index.php?rest_route=\/wp\/v2\/posts\/12966\/revisions\/12967"}],"wp:featuredmedia":[{"embeddable":true,"href":"https:\/\/podernacional.com\/index.php?rest_route=\/wp\/v2\/media\/12968"}],"wp:attachment":[{"href":"https:\/\/podernacional.com\/index.php?rest_route=%2Fwp%2Fv2%2Fmedia&parent=12966"}],"wp:term":[{"taxonomy":"category","embeddable":true,"href":"https:\/\/podernacional.com\/index.php?rest_route=%2Fwp%2Fv2%2Fcategories&post=12966"},{"taxonomy":"post_tag","embeddable":true,"href":"https:\/\/podernacional.com\/index.php?rest_route=%2Fwp%2Fv2%2Ftags&post=12966"}],"curies":[{"name":"wp","href":"https:\/\/api.w.org\/{rel}","templated":true}]}}